{"id":47957,"date":"2026-03-02T09:47:55","date_gmt":"2026-03-02T12:47:55","guid":{"rendered":"https:\/\/radiostudiow.com.br\/site\/?p=47957"},"modified":"2026-03-02T11:01:46","modified_gmt":"2026-03-02T14:01:46","slug":"policia-militar-prende-foragido-por-homicidio-qualificado-e-organizacao-criminosa-general-carneiro","status":"publish","type":"post","link":"https:\/\/radiostudiow.com.br\/site\/2026\/03\/02\/policia-militar-prende-foragido-por-homicidio-qualificado-e-organizacao-criminosa-general-carneiro\/","title":{"rendered":"Pol\u00edcia Militar prende foragido por homic\u00eddio qualificado e organiza\u00e7\u00e3o criminosa em General Carneiro"},"content":{"rendered":"\n<figure class=\"wp-block-image size-full\"><img loading=\"lazy\" decoding=\"async\" width=\"1000\" height=\"333\" src=\"https:\/\/radiostudiow.com.br\/site\/wp-content\/uploads\/2026\/02\/poupanca-premiada-sicredi.jpg\" alt=\"\" class=\"wp-image-47487\" srcset=\"https:\/\/radiostudiow.com.br\/site\/wp-content\/uploads\/2026\/02\/poupanca-premiada-sicredi.jpg 1000w, https:\/\/radiostudiow.com.br\/site\/wp-content\/uploads\/2026\/02\/poupanca-premiada-sicredi-300x100.jpg 300w, https:\/\/radiostudiow.com.br\/site\/wp-content\/uploads\/2026\/02\/poupanca-premiada-sicredi-768x256.jpg 768w\" sizes=\"auto, (max-width: 1000px) 100vw, 1000px\" \/><\/figure>\n\n\n\n<p>Em uma a\u00e7\u00e3o r\u00e1pida e estrat\u00e9gica, a Pol\u00edcia Militar prendeu um homem de alta periculosidade por volta das 20 horas deste domingo (01\u00b0).<\/p>\n\n\n\n<p>A abordagem ocorreu no bairro S\u00e3o Jo\u00e3o em General Carneiro, ap\u00f3s a equipe da R\u00e1dio Patrulha identificar um suspeito com mandado de pris\u00e3o em aberto.<\/p>\n\n\n\n<p>Durante patrulhamento preventivo, os policiais avistaram o indiv\u00edduo, que j\u00e1 era conhecido no meio policial por seu hist\u00f3rico criminal. Para evitar qualquer tentativa de fuga, a equipe realizou um cerco em via p\u00fablica e efetuou a abordagem imediata.<\/p>\n\n\n\n<figure class=\"wp-block-image size-full\"><img loading=\"lazy\" decoding=\"async\" width=\"598\" height=\"204\" src=\"https:\/\/radiostudiow.com.br\/site\/wp-content\/uploads\/2024\/10\/labirati.png\" alt=\"\" class=\"wp-image-28854\" srcset=\"https:\/\/radiostudiow.com.br\/site\/wp-content\/uploads\/2024\/10\/labirati.png 598w, https:\/\/radiostudiow.com.br\/site\/wp-content\/uploads\/2024\/10\/labirati-300x102.png 300w\" sizes=\"auto, (max-width: 598px) 100vw, 598px\" \/><\/figure>\n\n\n\n<h3 class=\"wp-block-heading\">Crimes Graves<\/h3>\n\n\n\n<p>Ap\u00f3s a confirma\u00e7\u00e3o da identidade via sistema, foi constatado que o homem era alvo de um mandado judicial pelos crimes de&nbsp;homic\u00eddio qualificado e organiza\u00e7\u00e3o criminosa.<\/p>\n\n\n\n<p>O detido foi formalmente cientificado da ordem de pris\u00e3o e conduzido sem resist\u00eancia ao Departamento Penitenci\u00e1rio (DEPPEN) em&nbsp;Uni\u00e3o da Vit\u00f3ria.<\/p>\n\n\n\n<p>Ele permanece agora \u00e0 disposi\u00e7\u00e3o da Justi\u00e7a para o cumprimento de sua pena.<\/p>\n","protected":false},"excerpt":{"rendered":"<p>Em uma a\u00e7\u00e3o r\u00e1pida e estrat\u00e9gica, a Pol\u00edcia Militar prendeu um homem de alta periculosidade por volta das 20 horas deste domingo (01\u00b0). A abordagem ocorreu no bairro S\u00e3o Jo\u00e3o em General Carneiro, ap\u00f3s a equipe da R\u00e1dio Patrulha identificar um suspeito com mandado de pris\u00e3o em aberto. Durante patrulhamento preventivo, os policiais avistaram o [&hellip;]<\/p>\n","protected":false},"author":2,"featured_media":1357,"comment_status":"open","ping_status":"open","sticky":false,"template":"","format":"standard","meta":{"footnotes":""},"categories":[2],"tags":[172],"class_list":["post-47957","post","type-post","status-publish","format-standard","has-post-thumbnail","hentry","category-policial","tag-featured"],"amp_enabled":true,"_links":{"self":[{"href":"https:\/\/radiostudiow.com.br\/site\/wp-json\/wp\/v2\/posts\/47957","targetHints":{"allow":["GET"]}}],"collection":[{"href":"https:\/\/radiostudiow.com.br\/site\/wp-json\/wp\/v2\/posts"}],"about":[{"href":"https:\/\/radiostudiow.com.br\/site\/wp-json\/wp\/v2\/types\/post"}],"author":[{"embeddable":true,"href":"https:\/\/radiostudiow.com.br\/site\/wp-json\/wp\/v2\/users\/2"}],"replies":[{"embeddable":true,"href":"https:\/\/radiostudiow.com.br\/site\/wp-json\/wp\/v2\/comments?post=47957"}],"version-history":[{"count":4,"href":"https:\/\/radiostudiow.com.br\/site\/wp-json\/wp\/v2\/posts\/47957\/revisions"}],"predecessor-version":[{"id":47984,"href":"https:\/\/radiostudiow.com.br\/site\/wp-json\/wp\/v2\/posts\/47957\/revisions\/47984"}],"wp:featuredmedia":[{"embeddable":true,"href":"https:\/\/radiostudiow.com.br\/site\/wp-json\/wp\/v2\/media\/1357"}],"wp:attachment":[{"href":"https:\/\/radiostudiow.com.br\/site\/wp-json\/wp\/v2\/media?parent=47957"}],"wp:term":[{"taxonomy":"category","embeddable":true,"href":"https:\/\/radiostudiow.com.br\/site\/wp-json\/wp\/v2\/categories?post=47957"},{"taxonomy":"post_tag","embeddable":true,"href":"https:\/\/radiostudiow.com.br\/site\/wp-json\/wp\/v2\/tags?post=47957"}],"curies":[{"name":"wp","href":"https:\/\/api.w.org\/{rel}","templated":true}]}}