{"id":47973,"date":"2026-03-02T10:37:09","date_gmt":"2026-03-02T13:37:09","guid":{"rendered":"https:\/\/radiostudiow.com.br\/site\/?p=47973"},"modified":"2026-03-02T10:37:09","modified_gmt":"2026-03-02T13:37:09","slug":"condenado-por-roubo-e-preso-em-irati-apos-perder-direito-a-regime-mais-brando","status":"publish","type":"post","link":"https:\/\/radiostudiow.com.br\/site\/2026\/03\/02\/condenado-por-roubo-e-preso-em-irati-apos-perder-direito-a-regime-mais-brando\/","title":{"rendered":"Condenado por roubo \u00e9 preso em Irati ap\u00f3s perder direito a regime mais brando"},"content":{"rendered":"\n<figure class=\"wp-block-image size-full\"><img loading=\"lazy\" decoding=\"async\" width=\"731\" height=\"204\" src=\"https:\/\/radiostudiow.com.br\/site\/wp-content\/uploads\/2026\/01\/pax-2026.png\" alt=\"\" class=\"wp-image-46172\" srcset=\"https:\/\/radiostudiow.com.br\/site\/wp-content\/uploads\/2026\/01\/pax-2026.png 731w, https:\/\/radiostudiow.com.br\/site\/wp-content\/uploads\/2026\/01\/pax-2026-300x84.png 300w\" sizes=\"auto, (max-width: 731px) 100vw, 731px\" \/><\/figure>\n\n\n\n<p>A equipe da Pol\u00edcia Civil da 41\u00aa Delegacia Regional de Irati, cumpriu um mandado de pris\u00e3o definitiva contra um homem condenado pelo crime de roubo.<\/p>\n\n\n\n<p>A pris\u00e3o ocorreu no bairro Vila Raquel, ap\u00f3s determina\u00e7\u00e3o do Poder Judici\u00e1rio em raz\u00e3o do descumprimento das condi\u00e7\u00f5es do regime anterior.<\/p>\n\n\n\n<p>Durante o cumprimento do mandado, o investigado teria tentado fugir para o interior da resid\u00eancia ao perceber a chegada da equipe, mas foi rapidamente alcan\u00e7ado e contido pelos policiais, de acordo com PCPR.<\/p>\n\n\n\n<figure class=\"wp-block-gallery has-nested-images columns-default is-cropped wp-block-gallery-1 is-layout-flex wp-block-gallery-is-layout-flex\">\n<figure class=\"wp-block-image size-large\"><img loading=\"lazy\" decoding=\"async\" width=\"300\" height=\"180\" data-id=\"39582\" src=\"https:\/\/radiostudiow.com.br\/site\/wp-content\/uploads\/2025\/06\/PLAY-HALL.png\" alt=\"\" class=\"wp-image-39582\"\/><\/figure>\n\n\n\n<figure class=\"wp-block-image size-large\"><img loading=\"lazy\" decoding=\"async\" width=\"300\" height=\"180\" data-id=\"38014\" src=\"https:\/\/radiostudiow.com.br\/site\/wp-content\/uploads\/2025\/05\/VANE.png\" alt=\"\" class=\"wp-image-38014\"\/><\/figure>\n<\/figure>\n\n\n\n<p>Por medida de seguran\u00e7a, foi necess\u00e1rio o uso de algemas durante a abordagem.<\/p>\n\n\n\n<p>Ap\u00f3s a captura, o homem foi encaminhado \u00e0 Unidade de Pronto Atendimento (UPA) para exame de les\u00f5es corporais e, em seguida, levado \u00e0 Delegacia de Irati, onde ocorreu a formaliza\u00e7\u00e3o do mandado.<\/p>\n\n\n\n<p>Posteriormente, ele foi encaminhado ao sistema penitenci\u00e1rio, onde permanece \u00e0 disposi\u00e7\u00e3o da Justi\u00e7a.<\/p>\n\n\n\n<p><a href=\"https:\/\/www.instagram.com\/alanadocesoficial\/\" target=\"_blank\" rel=\"noreferrer noopener\"><\/a><\/p>\n","protected":false},"excerpt":{"rendered":"<p>A equipe da Pol\u00edcia Civil da 41\u00aa Delegacia Regional de Irati, cumpriu um mandado de pris\u00e3o definitiva contra um homem condenado pelo crime de roubo. A pris\u00e3o ocorreu no bairro Vila Raquel, ap\u00f3s determina\u00e7\u00e3o do Poder Judici\u00e1rio em raz\u00e3o do descumprimento das condi\u00e7\u00f5es do regime anterior. Durante o cumprimento do mandado, o investigado teria tentado [&hellip;]<\/p>\n","protected":false},"author":2,"featured_media":47975,"comment_status":"open","ping_status":"open","sticky":false,"template":"","format":"standard","meta":{"footnotes":""},"categories":[2],"tags":[172],"class_list":["post-47973","post","type-post","status-publish","format-standard","has-post-thumbnail","hentry","category-policial","tag-featured"],"amp_enabled":true,"_links":{"self":[{"href":"https:\/\/radiostudiow.com.br\/site\/wp-json\/wp\/v2\/posts\/47973","targetHints":{"allow":["GET"]}}],"collection":[{"href":"https:\/\/radiostudiow.com.br\/site\/wp-json\/wp\/v2\/posts"}],"about":[{"href":"https:\/\/radiostudiow.com.br\/site\/wp-json\/wp\/v2\/types\/post"}],"author":[{"embeddable":true,"href":"https:\/\/radiostudiow.com.br\/site\/wp-json\/wp\/v2\/users\/2"}],"replies":[{"embeddable":true,"href":"https:\/\/radiostudiow.com.br\/site\/wp-json\/wp\/v2\/comments?post=47973"}],"version-history":[{"count":1,"href":"https:\/\/radiostudiow.com.br\/site\/wp-json\/wp\/v2\/posts\/47973\/revisions"}],"predecessor-version":[{"id":47976,"href":"https:\/\/radiostudiow.com.br\/site\/wp-json\/wp\/v2\/posts\/47973\/revisions\/47976"}],"wp:featuredmedia":[{"embeddable":true,"href":"https:\/\/radiostudiow.com.br\/site\/wp-json\/wp\/v2\/media\/47975"}],"wp:attachment":[{"href":"https:\/\/radiostudiow.com.br\/site\/wp-json\/wp\/v2\/media?parent=47973"}],"wp:term":[{"taxonomy":"category","embeddable":true,"href":"https:\/\/radiostudiow.com.br\/site\/wp-json\/wp\/v2\/categories?post=47973"},{"taxonomy":"post_tag","embeddable":true,"href":"https:\/\/radiostudiow.com.br\/site\/wp-json\/wp\/v2\/tags?post=47973"}],"curies":[{"name":"wp","href":"https:\/\/api.w.org\/{rel}","templated":true}]}}