{"id":48009,"date":"2026-03-02T21:57:17","date_gmt":"2026-03-03T00:57:17","guid":{"rendered":"https:\/\/radiostudiow.com.br\/site\/?p=48009"},"modified":"2026-03-03T15:41:28","modified_gmt":"2026-03-03T18:41:28","slug":"mulher-morre-apos-ser-atropelada-na-avenida-dos-ferroviarios-em-mallet","status":"publish","type":"post","link":"https:\/\/radiostudiow.com.br\/site\/2026\/03\/02\/mulher-morre-apos-ser-atropelada-na-avenida-dos-ferroviarios-em-mallet\/","title":{"rendered":"Mulher morre ap\u00f3s ser atropelada na Avenida dos Ferrovi\u00e1rios, em Mallet"},"content":{"rendered":"\n<p><\/p>\n\n\n\n<figure class=\"wp-block-image size-full\"><img loading=\"lazy\" decoding=\"async\" width=\"897\" height=\"204\" src=\"https:\/\/radiostudiow.com.br\/site\/wp-content\/uploads\/2025\/03\/BARAO-NOVO-NOTICIAS-1.jpg\" alt=\"\" class=\"wp-image-35084\" srcset=\"https:\/\/radiostudiow.com.br\/site\/wp-content\/uploads\/2025\/03\/BARAO-NOVO-NOTICIAS-1.jpg 897w, https:\/\/radiostudiow.com.br\/site\/wp-content\/uploads\/2025\/03\/BARAO-NOVO-NOTICIAS-1-300x68.jpg 300w, https:\/\/radiostudiow.com.br\/site\/wp-content\/uploads\/2025\/03\/BARAO-NOVO-NOTICIAS-1-768x175.jpg 768w\" sizes=\"auto, (max-width: 897px) 100vw, 897px\" \/><\/figure>\n\n\n\n<p>Um grave acidente de tr\u00e2nsito foi registrado na tarde desta segunda-feira (2), na Avenida dos Ferrovi\u00e1rios, regi\u00e3o central de Mallet. A ocorr\u00eancia foi atendida por volta das 15h55.<\/p>\n\n\n\n<p><strong>Equipes dos Brigadistas Comunit\u00e1rios de Mallet, com apoio da ambul\u00e2ncia de plant\u00e3o, deslocaram-se rapidamente ao local, por\u00e9m a v\u00edtima \u2014 uma ciclista \u2014 j\u00e1 estava em \u00f3bito quando o socorro chegou.<\/strong><\/p>\n\n\n\n<p class=\"has-medium-font-size\"><strong>De acordo com as informa\u00e7\u00f5es apuradas, a ciclista teria sido atropelada possivelmente por um caminh\u00e3o que trafegava pela avenida. A \u00e1rea foi isolada pela Pol\u00edcia Militar do Paran\u00e1, por meio do 3\u00ba Pelot\u00e3o de Mallet, garantindo a seguran\u00e7a dos profissionais que atuavam no atendimento e na preserva\u00e7\u00e3o do local.<\/strong><\/p>\n\n\n\n<figure class=\"wp-block-image size-large\"><img loading=\"lazy\" decoding=\"async\" width=\"1024\" height=\"576\" src=\"https:\/\/radiostudiow.com.br\/site\/wp-content\/uploads\/2026\/03\/b4f0531c-074a-4264-915f-aa2628b9a413-1024x576.jpg\" alt=\"\" class=\"wp-image-48010\" srcset=\"https:\/\/radiostudiow.com.br\/site\/wp-content\/uploads\/2026\/03\/b4f0531c-074a-4264-915f-aa2628b9a413-1024x576.jpg 1024w, https:\/\/radiostudiow.com.br\/site\/wp-content\/uploads\/2026\/03\/b4f0531c-074a-4264-915f-aa2628b9a413-300x169.jpg 300w, https:\/\/radiostudiow.com.br\/site\/wp-content\/uploads\/2026\/03\/b4f0531c-074a-4264-915f-aa2628b9a413-768x432.jpg 768w, https:\/\/radiostudiow.com.br\/site\/wp-content\/uploads\/2026\/03\/b4f0531c-074a-4264-915f-aa2628b9a413-1536x864.jpg 1536w, https:\/\/radiostudiow.com.br\/site\/wp-content\/uploads\/2026\/03\/b4f0531c-074a-4264-915f-aa2628b9a413.jpg 1600w\" sizes=\"auto, (max-width: 1024px) 100vw, 1024px\" \/><\/figure>\n\n\n\n<p><\/p>\n\n\n\n<figure class=\"wp-block-image size-full\"><img loading=\"lazy\" decoding=\"async\" width=\"897\" height=\"204\" src=\"https:\/\/radiostudiow.com.br\/site\/wp-content\/uploads\/2025\/03\/image-62.png\" alt=\"\" class=\"wp-image-35859\" srcset=\"https:\/\/radiostudiow.com.br\/site\/wp-content\/uploads\/2025\/03\/image-62.png 897w, https:\/\/radiostudiow.com.br\/site\/wp-content\/uploads\/2025\/03\/image-62-300x68.png 300w, https:\/\/radiostudiow.com.br\/site\/wp-content\/uploads\/2025\/03\/image-62-768x175.png 768w\" sizes=\"auto, (max-width: 897px) 100vw, 897px\" \/><\/figure>\n\n\n\n<p class=\"has-medium-font-size\">N\u00e3o houve testemunhas do acidente. Imagens de c\u00e2meras de seguran\u00e7a de im\u00f3veis e estabelecimentos comerciais pr\u00f3ximos ser\u00e3o analisadas para auxiliar na investiga\u00e7\u00e3o.<strong> Em entrevista no local \u00e0 reportagem da Studio W, o 1\u00ba sargento Joaquim Pacholok, do Corpo de Bombeiros de Irati e respons\u00e1vel pelos brigadistas comunit\u00e1rios de Mallet, afirmou que a hip\u00f3tese de atropelamento por ve\u00edculo pesado \u00e9 considerada, j\u00e1 que n\u00e3o foram encontrados vest\u00edgios de colis\u00e3o envolvendo autom\u00f3vel e os ferimentos indicam impacto compat\u00edvel com rodado de caminh\u00e3o.<\/strong><\/p>\n\n\n\n<p>A Pol\u00edcia Cient\u00edfica do Paran\u00e1 e os Policiais da 10\u00aa DRP de Mallet, realizaram os procedimentos de praxe para coleta de evid\u00eancias que possam esclarecer as circunst\u00e2ncias do ocorrido.<\/p>\n\n\n\n<figure class=\"wp-block-image size-full\"><img loading=\"lazy\" decoding=\"async\" width=\"731\" height=\"204\" src=\"https:\/\/radiostudiow.com.br\/site\/wp-content\/uploads\/2026\/01\/BARROS-2026.png\" alt=\"\" class=\"wp-image-46173\" srcset=\"https:\/\/radiostudiow.com.br\/site\/wp-content\/uploads\/2026\/01\/BARROS-2026.png 731w, https:\/\/radiostudiow.com.br\/site\/wp-content\/uploads\/2026\/01\/BARROS-2026-300x84.png 300w\" sizes=\"auto, (max-width: 731px) 100vw, 731px\" \/><\/figure>\n\n\n\n<p><\/p>\n\n\n\n<figure class=\"wp-block-image size-large\"><img loading=\"lazy\" decoding=\"async\" width=\"1024\" height=\"576\" src=\"https:\/\/radiostudiow.com.br\/site\/wp-content\/uploads\/2026\/03\/e5743aaa-e240-4dc2-9246-02de3f5fe3bc-1024x576.jpg\" alt=\"\" class=\"wp-image-48011\" srcset=\"https:\/\/radiostudiow.com.br\/site\/wp-content\/uploads\/2026\/03\/e5743aaa-e240-4dc2-9246-02de3f5fe3bc-1024x576.jpg 1024w, https:\/\/radiostudiow.com.br\/site\/wp-content\/uploads\/2026\/03\/e5743aaa-e240-4dc2-9246-02de3f5fe3bc-300x169.jpg 300w, https:\/\/radiostudiow.com.br\/site\/wp-content\/uploads\/2026\/03\/e5743aaa-e240-4dc2-9246-02de3f5fe3bc-768x432.jpg 768w, https:\/\/radiostudiow.com.br\/site\/wp-content\/uploads\/2026\/03\/e5743aaa-e240-4dc2-9246-02de3f5fe3bc-1536x864.jpg 1536w, https:\/\/radiostudiow.com.br\/site\/wp-content\/uploads\/2026\/03\/e5743aaa-e240-4dc2-9246-02de3f5fe3bc.jpg 1600w\" sizes=\"auto, (max-width: 1024px) 100vw, 1024px\" \/><\/figure>\n\n\n\n<p class=\"has-medium-font-size\"><strong>No mesmo trecho da Avenida dos Ferrovi\u00e1rios, em 11 de fevereiro, foi registrado outro acidente envolvendo um ciclista e uma motocicleta, o que refor\u00e7a a preocupa\u00e7\u00e3o com a seguran\u00e7a vi\u00e1ria no local. A via concentra intenso tr\u00e1fego de caminh\u00f5es, por dar acesso a grandes empresas do munic\u00edpio, com circula\u00e7\u00e3o ao longo de 24 horas.<\/strong><\/p>\n\n\n\n<p style=\"font-size:32px\"><strong>A v\u00edtima foi identificada como Fabiana Aparecida Przybicz, de 32 anos. Ela deixa dois filhos e o esposo.<\/strong><\/p>\n\n\n\n<figure class=\"wp-block-image size-full is-resized\"><img loading=\"lazy\" decoding=\"async\" width=\"739\" height=\"912\" src=\"https:\/\/radiostudiow.com.br\/site\/wp-content\/uploads\/2026\/03\/6e4b2db4-8573-4bab-814f-6ee88fe52b88.jpg\" alt=\"\" class=\"wp-image-48015\" style=\"width:726px;height:auto\" srcset=\"https:\/\/radiostudiow.com.br\/site\/wp-content\/uploads\/2026\/03\/6e4b2db4-8573-4bab-814f-6ee88fe52b88.jpg 739w, https:\/\/radiostudiow.com.br\/site\/wp-content\/uploads\/2026\/03\/6e4b2db4-8573-4bab-814f-6ee88fe52b88-243x300.jpg 243w\" sizes=\"auto, (max-width: 739px) 100vw, 739px\" \/><\/figure>\n\n\n\n<figure class=\"wp-block-image size-full\"><img loading=\"lazy\" decoding=\"async\" width=\"731\" height=\"204\" src=\"https:\/\/radiostudiow.com.br\/site\/wp-content\/uploads\/2026\/01\/pax-2026.png\" alt=\"\" class=\"wp-image-46172\" srcset=\"https:\/\/radiostudiow.com.br\/site\/wp-content\/uploads\/2026\/01\/pax-2026.png 731w, https:\/\/radiostudiow.com.br\/site\/wp-content\/uploads\/2026\/01\/pax-2026-300x84.png 300w\" sizes=\"auto, (max-width: 731px) 100vw, 731px\" \/><\/figure>\n\n\n\n<figure class=\"wp-block-gallery has-nested-images columns-default is-cropped wp-block-gallery-1 is-layout-flex wp-block-gallery-is-layout-flex\">\n<figure class=\"wp-block-image size-large\"><img loading=\"lazy\" decoding=\"async\" width=\"1024\" height=\"577\" data-id=\"48013\" src=\"https:\/\/radiostudiow.com.br\/site\/wp-content\/uploads\/2026\/03\/3e79aa6c-d4e6-489c-beec-d5858ed17845-1024x577.jpg\" alt=\"\" class=\"wp-image-48013\" srcset=\"https:\/\/radiostudiow.com.br\/site\/wp-content\/uploads\/2026\/03\/3e79aa6c-d4e6-489c-beec-d5858ed17845-1024x577.jpg 1024w, https:\/\/radiostudiow.com.br\/site\/wp-content\/uploads\/2026\/03\/3e79aa6c-d4e6-489c-beec-d5858ed17845-300x169.jpg 300w, https:\/\/radiostudiow.com.br\/site\/wp-content\/uploads\/2026\/03\/3e79aa6c-d4e6-489c-beec-d5858ed17845-768x433.jpg 768w, https:\/\/radiostudiow.com.br\/site\/wp-content\/uploads\/2026\/03\/3e79aa6c-d4e6-489c-beec-d5858ed17845-1536x866.jpg 1536w, https:\/\/radiostudiow.com.br\/site\/wp-content\/uploads\/2026\/03\/3e79aa6c-d4e6-489c-beec-d5858ed17845.jpg 1600w\" sizes=\"auto, (max-width: 1024px) 100vw, 1024px\" \/><\/figure>\n\n\n\n<figure class=\"wp-block-image size-large\"><img loading=\"lazy\" decoding=\"async\" width=\"1024\" height=\"576\" data-id=\"48012\" src=\"https:\/\/radiostudiow.com.br\/site\/wp-content\/uploads\/2026\/03\/c28482fb-71a5-4e7f-ba94-019cdc918c39-1024x576.jpg\" alt=\"\" class=\"wp-image-48012\" srcset=\"https:\/\/radiostudiow.com.br\/site\/wp-content\/uploads\/2026\/03\/c28482fb-71a5-4e7f-ba94-019cdc918c39-1024x576.jpg 1024w, https:\/\/radiostudiow.com.br\/site\/wp-content\/uploads\/2026\/03\/c28482fb-71a5-4e7f-ba94-019cdc918c39-300x169.jpg 300w, https:\/\/radiostudiow.com.br\/site\/wp-content\/uploads\/2026\/03\/c28482fb-71a5-4e7f-ba94-019cdc918c39-768x432.jpg 768w, https:\/\/radiostudiow.com.br\/site\/wp-content\/uploads\/2026\/03\/c28482fb-71a5-4e7f-ba94-019cdc918c39-1536x864.jpg 1536w, https:\/\/radiostudiow.com.br\/site\/wp-content\/uploads\/2026\/03\/c28482fb-71a5-4e7f-ba94-019cdc918c39.jpg 1600w\" sizes=\"auto, (max-width: 1024px) 100vw, 1024px\" \/><\/figure>\n<\/figure>\n\n\n\n<p><\/p>\n\n\n\n<figure class=\"wp-block-embed is-type-video is-provider-youtube wp-block-embed-youtube wp-embed-aspect-16-9 wp-has-aspect-ratio\"><div class=\"wp-block-embed__wrapper\">\n<iframe loading=\"lazy\" title=\"W Not\u00edcias | Mulher morre ap\u00f3s ser atropelada na Avenida dos Ferrovi\u00e1rios, em Mallet\" width=\"740\" height=\"416\" src=\"https:\/\/www.youtube.com\/embed\/QSnrRUFbZUk?feature=oembed\" frameborder=\"0\" allow=\"accelerometer; autoplay; clipboard-write; encrypted-media; gyroscope; picture-in-picture; web-share\" referrerpolicy=\"strict-origin-when-cross-origin\" allowfullscreen><\/iframe>\n<\/div><\/figure>\n\n\n\n<h2 class=\"wp-block-heading\">Informa\u00e7\u00e3o e Fotos: Reda\u00e7\u00e3o da Studio W<\/h2>\n\n\n\n<p><\/p>\n","protected":false},"excerpt":{"rendered":"<p>Um grave acidente de tr\u00e2nsito foi registrado na tarde desta segunda-feira (2), na Avenida dos Ferrovi\u00e1rios, regi\u00e3o central de Mallet. A ocorr\u00eancia foi atendida por volta das 15h55. Equipes dos Brigadistas Comunit\u00e1rios de Mallet, com apoio da ambul\u00e2ncia de plant\u00e3o, deslocaram-se rapidamente ao local, por\u00e9m a v\u00edtima \u2014 uma ciclista \u2014 j\u00e1 estava em \u00f3bito [&hellip;]<\/p>\n","protected":false},"author":2,"featured_media":48016,"comment_status":"open","ping_status":"open","sticky":false,"template":"","format":"standard","meta":{"footnotes":""},"categories":[184],"tags":[172],"class_list":["post-48009","post","type-post","status-publish","format-standard","has-post-thumbnail","hentry","category-local","tag-featured"],"amp_enabled":true,"_links":{"self":[{"href":"https:\/\/radiostudiow.com.br\/site\/wp-json\/wp\/v2\/posts\/48009","targetHints":{"allow":["GET"]}}],"collection":[{"href":"https:\/\/radiostudiow.com.br\/site\/wp-json\/wp\/v2\/posts"}],"about":[{"href":"https:\/\/radiostudiow.com.br\/site\/wp-json\/wp\/v2\/types\/post"}],"author":[{"embeddable":true,"href":"https:\/\/radiostudiow.com.br\/site\/wp-json\/wp\/v2\/users\/2"}],"replies":[{"embeddable":true,"href":"https:\/\/radiostudiow.com.br\/site\/wp-json\/wp\/v2\/comments?post=48009"}],"version-history":[{"count":3,"href":"https:\/\/radiostudiow.com.br\/site\/wp-json\/wp\/v2\/posts\/48009\/revisions"}],"predecessor-version":[{"id":48035,"href":"https:\/\/radiostudiow.com.br\/site\/wp-json\/wp\/v2\/posts\/48009\/revisions\/48035"}],"wp:featuredmedia":[{"embeddable":true,"href":"https:\/\/radiostudiow.com.br\/site\/wp-json\/wp\/v2\/media\/48016"}],"wp:attachment":[{"href":"https:\/\/radiostudiow.com.br\/site\/wp-json\/wp\/v2\/media?parent=48009"}],"wp:term":[{"taxonomy":"category","embeddable":true,"href":"https:\/\/radiostudiow.com.br\/site\/wp-json\/wp\/v2\/categories?post=48009"},{"taxonomy":"post_tag","embeddable":true,"href":"https:\/\/radiostudiow.com.br\/site\/wp-json\/wp\/v2\/tags?post=48009"}],"curies":[{"name":"wp","href":"https:\/\/api.w.org\/{rel}","templated":true}]}}