{"id":48088,"date":"2026-03-04T11:17:33","date_gmt":"2026-03-04T14:17:33","guid":{"rendered":"https:\/\/radiostudiow.com.br\/site\/?p=48088"},"modified":"2026-03-04T11:17:33","modified_gmt":"2026-03-04T14:17:33","slug":"dois-homens-sao-presos-por-suspeita-de-trafico-de-drogas-no-centro-de-mallet","status":"publish","type":"post","link":"https:\/\/radiostudiow.com.br\/site\/2026\/03\/04\/dois-homens-sao-presos-por-suspeita-de-trafico-de-drogas-no-centro-de-mallet\/","title":{"rendered":"Dois homens s\u00e3o presos por suspeita de tr\u00e1fico de drogas no Centro de Mallet"},"content":{"rendered":"\n<figure class=\"wp-block-image size-full\"><img loading=\"lazy\" decoding=\"async\" width=\"731\" height=\"246\" src=\"https:\/\/radiostudiow.com.br\/site\/wp-content\/uploads\/2026\/01\/VITALY.png\" alt=\"\" class=\"wp-image-46547\" srcset=\"https:\/\/radiostudiow.com.br\/site\/wp-content\/uploads\/2026\/01\/VITALY.png 731w, https:\/\/radiostudiow.com.br\/site\/wp-content\/uploads\/2026\/01\/VITALY-300x101.png 300w\" sizes=\"auto, (max-width: 731px) 100vw, 731px\" \/><\/figure>\n\n\n\n<p>Uma a\u00e7\u00e3o da equipe da ROTAM resultou na pris\u00e3o de dois homens suspeitos de envolvimento com o tr\u00e1fico de drogas na tarde de ter\u00e7a-feira (3), na \u00e1rea central de Mallet.<\/p>\n\n\n\n<p>De acordo com informa\u00e7\u00f5es do boletim de ocorr\u00eancia, os policiais realizavam patrulhamento pela cidade quando avistaram uma motocicleta conduzida por um homem.<\/p>\n\n\n\n<p>Diante da atitude considerada suspeita, foi realizada a abordagem. Durante a busca pessoal, os agentes localizaram e apreenderam uma quantidade de subst\u00e2ncia an\u00e1loga \u00e0 coca\u00edna.<\/p>\n\n\n\n<p>Ap\u00f3s a abordagem inicial, os policiais se deslocaram at\u00e9 uma resid\u00eancia onde, conforme informa\u00e7\u00f5es obtidas no decorrer da ocorr\u00eancia, poderia haver mais entorpecentes armazenados. Ao se aproximarem do im\u00f3vel, a equipe visualizou outro homem nas proximidades da casa.<\/p>\n\n\n\n<figure class=\"wp-block-image size-full\"><img loading=\"lazy\" decoding=\"async\" width=\"897\" height=\"204\" src=\"https:\/\/radiostudiow.com.br\/site\/wp-content\/uploads\/2025\/03\/image-62.png\" alt=\"\" class=\"wp-image-35859\" srcset=\"https:\/\/radiostudiow.com.br\/site\/wp-content\/uploads\/2025\/03\/image-62.png 897w, https:\/\/radiostudiow.com.br\/site\/wp-content\/uploads\/2025\/03\/image-62-300x68.png 300w, https:\/\/radiostudiow.com.br\/site\/wp-content\/uploads\/2025\/03\/image-62-768x175.png 768w\" sizes=\"auto, (max-width: 897px) 100vw, 897px\" \/><\/figure>\n\n\n\n<p>Segundo o registro policial, ao perceber a presen\u00e7a da viatura, o indiv\u00edduo tentou fugir para o interior da resid\u00eancia. Ele foi abordado pelos policiais e, durante a busca pessoal, foram encontradas mais por\u00e7\u00f5es de subst\u00e2ncia semelhante \u00e0 coca\u00edna, al\u00e9m de por\u00e7\u00f5es de subst\u00e2ncia an\u00e1loga ao crack.<\/p>\n\n\n\n<p>No interior do im\u00f3vel, os policiais tamb\u00e9m recolheram outros materiais relacionados \u00e0 ocorr\u00eancia, que foram apreendidos para encaminhamento \u00e0s autoridades competentes.<\/p>\n\n\n\n<p>Diante dos fatos, os dois homens receberam voz de pris\u00e3o no local. Conforme consta no boletim, foi necess\u00e1rio o uso de algemas, em conformidade com a legisla\u00e7\u00e3o vigente. Os suspeitos e todo o material apreendido foram encaminhados \u00e0 Delegacia da Pol\u00edcia Civil para os procedimentos legais cab\u00edveis.<\/p>\n\n\n\n<figure class=\"wp-block-image size-full\"><img loading=\"lazy\" decoding=\"async\" width=\"897\" height=\"204\" src=\"https:\/\/radiostudiow.com.br\/site\/wp-content\/uploads\/2025\/03\/BARAO-NOVO-NOTICIAS-1.jpg\" alt=\"\" class=\"wp-image-35084\" srcset=\"https:\/\/radiostudiow.com.br\/site\/wp-content\/uploads\/2025\/03\/BARAO-NOVO-NOTICIAS-1.jpg 897w, https:\/\/radiostudiow.com.br\/site\/wp-content\/uploads\/2025\/03\/BARAO-NOVO-NOTICIAS-1-300x68.jpg 300w, https:\/\/radiostudiow.com.br\/site\/wp-content\/uploads\/2025\/03\/BARAO-NOVO-NOTICIAS-1-768x175.jpg 768w\" sizes=\"auto, (max-width: 897px) 100vw, 897px\" \/><\/figure>\n","protected":false},"excerpt":{"rendered":"<p>Uma a\u00e7\u00e3o da equipe da ROTAM resultou na pris\u00e3o de dois homens suspeitos de envolvimento com o tr\u00e1fico de drogas na tarde de ter\u00e7a-feira (3), na \u00e1rea central de Mallet. De acordo com informa\u00e7\u00f5es do boletim de ocorr\u00eancia, os policiais realizavam patrulhamento pela cidade quando avistaram uma motocicleta conduzida por um homem. Diante da atitude [&hellip;]<\/p>\n","protected":false},"author":2,"featured_media":34163,"comment_status":"open","ping_status":"open","sticky":false,"template":"","format":"standard","meta":{"footnotes":""},"categories":[2],"tags":[172],"class_list":["post-48088","post","type-post","status-publish","format-standard","has-post-thumbnail","hentry","category-policial","tag-featured"],"amp_enabled":true,"_links":{"self":[{"href":"https:\/\/radiostudiow.com.br\/site\/wp-json\/wp\/v2\/posts\/48088","targetHints":{"allow":["GET"]}}],"collection":[{"href":"https:\/\/radiostudiow.com.br\/site\/wp-json\/wp\/v2\/posts"}],"about":[{"href":"https:\/\/radiostudiow.com.br\/site\/wp-json\/wp\/v2\/types\/post"}],"author":[{"embeddable":true,"href":"https:\/\/radiostudiow.com.br\/site\/wp-json\/wp\/v2\/users\/2"}],"replies":[{"embeddable":true,"href":"https:\/\/radiostudiow.com.br\/site\/wp-json\/wp\/v2\/comments?post=48088"}],"version-history":[{"count":1,"href":"https:\/\/radiostudiow.com.br\/site\/wp-json\/wp\/v2\/posts\/48088\/revisions"}],"predecessor-version":[{"id":48089,"href":"https:\/\/radiostudiow.com.br\/site\/wp-json\/wp\/v2\/posts\/48088\/revisions\/48089"}],"wp:featuredmedia":[{"embeddable":true,"href":"https:\/\/radiostudiow.com.br\/site\/wp-json\/wp\/v2\/media\/34163"}],"wp:attachment":[{"href":"https:\/\/radiostudiow.com.br\/site\/wp-json\/wp\/v2\/media?parent=48088"}],"wp:term":[{"taxonomy":"category","embeddable":true,"href":"https:\/\/radiostudiow.com.br\/site\/wp-json\/wp\/v2\/categories?post=48088"},{"taxonomy":"post_tag","embeddable":true,"href":"https:\/\/radiostudiow.com.br\/site\/wp-json\/wp\/v2\/tags?post=48088"}],"curies":[{"name":"wp","href":"https:\/\/api.w.org\/{rel}","templated":true}]}}