{"id":48091,"date":"2026-03-04T12:02:28","date_gmt":"2026-03-04T15:02:28","guid":{"rendered":"https:\/\/radiostudiow.com.br\/site\/?p=48091"},"modified":"2026-03-04T12:02:28","modified_gmt":"2026-03-04T15:02:28","slug":"video-policia-civil-apreende-cerca-de-r-80-mil-em-drogas-em-sao-mateus-do-sul","status":"publish","type":"post","link":"https:\/\/radiostudiow.com.br\/site\/2026\/03\/04\/video-policia-civil-apreende-cerca-de-r-80-mil-em-drogas-em-sao-mateus-do-sul\/","title":{"rendered":"V\u00cdDEO: Pol\u00edcia Civil apreende cerca de R$ 80 mil em drogas em S\u00e3o Mateus do Sul"},"content":{"rendered":"\n<figure class=\"wp-block-image size-full\"><img loading=\"lazy\" decoding=\"async\" width=\"731\" height=\"204\" src=\"https:\/\/radiostudiow.com.br\/site\/wp-content\/uploads\/2025\/10\/ZAIONS.png\" alt=\"\" class=\"wp-image-44147\" srcset=\"https:\/\/radiostudiow.com.br\/site\/wp-content\/uploads\/2025\/10\/ZAIONS.png 731w, https:\/\/radiostudiow.com.br\/site\/wp-content\/uploads\/2025\/10\/ZAIONS-300x84.png 300w\" sizes=\"auto, (max-width: 731px) 100vw, 731px\" \/><\/figure>\n\n\n\n<p>A equipe da Pol\u00edcia Civil por meio da 3\u00aa Subdivis\u00e3o Policial de S\u00e3o Mateus do Sul, prendeu dois homens, ambos de 24 anos, e apreendeu um adolescente de 17 anos por tr\u00e1fico de drogas nesta ter\u00e7a-feira (03).<\/p>\n\n\n\n<p>As pris\u00f5es ocorreram ap\u00f3s a equipe flagrar a entrega de subst\u00e2ncia an\u00e1loga \u00e0 coca\u00edna na regi\u00e3o central da cidade. Durante a abordagem, foram encontrados 13,5 gramas da droga com o adolescente.<\/p>\n\n\n\n<div class=\"wp-block-media-text is-stacked-on-mobile\"><figure class=\"wp-block-media-text__media\"><img loading=\"lazy\" decoding=\"async\" width=\"768\" height=\"1024\" src=\"https:\/\/radiostudiow.com.br\/site\/wp-content\/uploads\/2026\/03\/641184517_18087562520177800_5306013788463067548_n-768x1024.jpg\" alt=\"\" class=\"wp-image-48094 size-full\" srcset=\"https:\/\/radiostudiow.com.br\/site\/wp-content\/uploads\/2026\/03\/641184517_18087562520177800_5306013788463067548_n-768x1024.jpg 768w, https:\/\/radiostudiow.com.br\/site\/wp-content\/uploads\/2026\/03\/641184517_18087562520177800_5306013788463067548_n-225x300.jpg 225w, https:\/\/radiostudiow.com.br\/site\/wp-content\/uploads\/2026\/03\/641184517_18087562520177800_5306013788463067548_n-1152x1536.jpg 1152w, https:\/\/radiostudiow.com.br\/site\/wp-content\/uploads\/2026\/03\/641184517_18087562520177800_5306013788463067548_n.jpg 1440w\" sizes=\"auto, (max-width: 768px) 100vw, 768px\" \/><\/figure><div class=\"wp-block-media-text__content\">\n<p>Na sequ\u00eancia, os policiais realizaram buscas na resid\u00eancia de um dos suspeitos, onde localizaram aproximadamente 1,76 quilo de coca\u00edna, uma por\u00e7\u00e3o de maconha e uma balan\u00e7a de precis\u00e3o, indicando o uso do im\u00f3vel para armazenamento e fracionamento de entorpecentes.<\/p>\n\n\n\n<p>Um terceiro envolvido tamb\u00e9m foi preso durante as dilig\u00eancias. Com ele, foram apreendidas por\u00e7\u00f5es de maconha e coca\u00edna. O suspeito utilizava tornozeleira eletr\u00f4nica, evidenciando reincid\u00eancia.<\/p>\n\n\n\n<p>Segundo o delegado operacional da 3\u00aa SDP, Mateus Santarelli, o preju\u00edzo estimado ao tr\u00e1fico com a apreens\u00e3o \u00e9 de cerca de R$ 80 mil.<\/p>\n<\/div><\/div>\n\n\n\n<figure class=\"wp-block-image size-full\"><img loading=\"lazy\" decoding=\"async\" width=\"731\" height=\"204\" src=\"https:\/\/radiostudiow.com.br\/site\/wp-content\/uploads\/2026\/01\/pax-2026.png\" alt=\"\" class=\"wp-image-46172\" srcset=\"https:\/\/radiostudiow.com.br\/site\/wp-content\/uploads\/2026\/01\/pax-2026.png 731w, https:\/\/radiostudiow.com.br\/site\/wp-content\/uploads\/2026\/01\/pax-2026-300x84.png 300w\" sizes=\"auto, (max-width: 731px) 100vw, 731px\" \/><\/figure>\n\n\n\n<blockquote class=\"wp-block-quote is-layout-flow wp-block-quote-is-layout-flow\">\n<p class=\"has-text-align-center\"><em>ASSISTA O DELEGADO FALANDO SOBRE O CASO:<\/em><\/p>\n<\/blockquote>\n\n\n\n<figure class=\"wp-block-video\"><video height=\"854\" style=\"aspect-ratio: 480 \/ 854;\" width=\"480\" controls src=\"https:\/\/radiostudiow.com.br\/site\/wp-content\/uploads\/2026\/03\/FDownloader.Net_AQOV8Url-cQeQ2MxMKckgm2WY_5GK2lFFKuIEVYLZawE0-DR9BmIk0iK3Zr5dNbH5iASwSa7UmJhdWLsxO0ONhR__720p_HD.mp4\"><\/video><\/figure>\n\n\n\n<p class=\"has-text-align-center\"><em>Reda\u00e7\u00e3o\/Fonte\/Imagem\/V\u00eddeo: Portal RDX\/Clic Sul News<\/em><\/p>\n\n\n\n<p><\/p>\n","protected":false},"excerpt":{"rendered":"<p>A equipe da Pol\u00edcia Civil por meio da 3\u00aa Subdivis\u00e3o Policial de S\u00e3o Mateus do Sul, prendeu dois homens, ambos de 24 anos, e apreendeu um adolescente de 17 anos por tr\u00e1fico de drogas nesta ter\u00e7a-feira (03). As pris\u00f5es ocorreram ap\u00f3s a equipe flagrar a entrega de subst\u00e2ncia an\u00e1loga \u00e0 coca\u00edna na regi\u00e3o central da [&hellip;]<\/p>\n","protected":false},"author":2,"featured_media":48092,"comment_status":"open","ping_status":"open","sticky":false,"template":"","format":"video","meta":{"footnotes":""},"categories":[2],"tags":[172],"class_list":["post-48091","post","type-post","status-publish","format-video","has-post-thumbnail","hentry","category-policial","tag-featured","post_format-post-format-video"],"amp_enabled":true,"_links":{"self":[{"href":"https:\/\/radiostudiow.com.br\/site\/wp-json\/wp\/v2\/posts\/48091","targetHints":{"allow":["GET"]}}],"collection":[{"href":"https:\/\/radiostudiow.com.br\/site\/wp-json\/wp\/v2\/posts"}],"about":[{"href":"https:\/\/radiostudiow.com.br\/site\/wp-json\/wp\/v2\/types\/post"}],"author":[{"embeddable":true,"href":"https:\/\/radiostudiow.com.br\/site\/wp-json\/wp\/v2\/users\/2"}],"replies":[{"embeddable":true,"href":"https:\/\/radiostudiow.com.br\/site\/wp-json\/wp\/v2\/comments?post=48091"}],"version-history":[{"count":1,"href":"https:\/\/radiostudiow.com.br\/site\/wp-json\/wp\/v2\/posts\/48091\/revisions"}],"predecessor-version":[{"id":48095,"href":"https:\/\/radiostudiow.com.br\/site\/wp-json\/wp\/v2\/posts\/48091\/revisions\/48095"}],"wp:featuredmedia":[{"embeddable":true,"href":"https:\/\/radiostudiow.com.br\/site\/wp-json\/wp\/v2\/media\/48092"}],"wp:attachment":[{"href":"https:\/\/radiostudiow.com.br\/site\/wp-json\/wp\/v2\/media?parent=48091"}],"wp:term":[{"taxonomy":"category","embeddable":true,"href":"https:\/\/radiostudiow.com.br\/site\/wp-json\/wp\/v2\/categories?post=48091"},{"taxonomy":"post_tag","embeddable":true,"href":"https:\/\/radiostudiow.com.br\/site\/wp-json\/wp\/v2\/tags?post=48091"}],"curies":[{"name":"wp","href":"https:\/\/api.w.org\/{rel}","templated":true}]}}