{"id":48098,"date":"2026-03-04T18:03:52","date_gmt":"2026-03-04T21:03:52","guid":{"rendered":"https:\/\/radiostudiow.com.br\/site\/?p=48098"},"modified":"2026-03-04T18:03:52","modified_gmt":"2026-03-04T21:03:52","slug":"video-vazamento-de-combustiveis-apos-colisao-mobiliza-equipes-na-br-277-em-prudentopolis","status":"publish","type":"post","link":"https:\/\/radiostudiow.com.br\/site\/2026\/03\/04\/video-vazamento-de-combustiveis-apos-colisao-mobiliza-equipes-na-br-277-em-prudentopolis\/","title":{"rendered":"V\u00cdDEO: Vazamento de combust\u00edveis ap\u00f3s colis\u00e3o mobiliza equipes na BR-277 em Prudent\u00f3polis"},"content":{"rendered":"\n<p>A equipe da Pol\u00edcia Rodovi\u00e1ria Federal (PRF) atendeu a um acidente do tipo colis\u00e3o lateral de mesmo sentido no km 272 da BR-277, em Prudent\u00f3polis (PR). O acidente envolveu dois ve\u00edculos de carga e n\u00e3o resultando em v\u00edtimas por volta de 21 horas desta ter\u00e7a-feira (03).<\/p>\n\n\n\n<p>Os ve\u00edculos envolvidos foram um caminh\u00e3o VW de cor branca com placas de S\u00e3o Jos\u00e9 dos Pinhais (PR) e um caminh\u00e3o Scania de cor azul com placas de Cascavel (PR).<\/p>\n\n\n\n<p>Os condutores dos caminh\u00f5es, homens de 41 e 62 anos, permaneceram ilesos.<\/p>\n\n\n\n<figure class=\"wp-block-gallery has-nested-images columns-default is-cropped wp-block-gallery-1 is-layout-flex wp-block-gallery-is-layout-flex\">\n<figure class=\"wp-block-image size-large\"><img loading=\"lazy\" decoding=\"async\" width=\"300\" height=\"180\" data-id=\"37219\" src=\"https:\/\/radiostudiow.com.br\/site\/wp-content\/uploads\/2025\/04\/AGRODU.png\" alt=\"\" class=\"wp-image-37219\"\/><\/figure>\n\n\n\n<figure class=\"wp-block-image size-large\"><img loading=\"lazy\" decoding=\"async\" width=\"300\" height=\"180\" data-id=\"41962\" src=\"https:\/\/radiostudiow.com.br\/site\/wp-content\/uploads\/2025\/08\/LILO.png\" alt=\"\" class=\"wp-image-41962\"\/><\/figure>\n<\/figure>\n\n\n\n<p>O primeiro ve\u00edculo, um VW\/24.220 Euro3 Worker, encontrava-se vazio, por\u00e9m contaminado com res\u00edduos de subst\u00e2ncia perigosa (ONU 3082). O segundo ve\u00edculo envolvido foi um conjunto transportador composto pelo caminh\u00e3o Scania, carregado com uma combina\u00e7\u00e3o de Diesel, Gasolina e \u00c1lcool (ONU 3475).<\/p>\n\n\n\n<p>Em virtude do impacto, houve o vazamento de todos os combust\u00edveis transportados, com maior vaz\u00e3o de \u00f3leo diesel, que atingiu a \u00e1rea lindeira e escoou em dire\u00e7\u00e3o a um c\u00f3rrego pr\u00f3ximo.<\/p>\n\n\n\n<figure class=\"wp-block-image size-full\"><img loading=\"lazy\" decoding=\"async\" width=\"731\" height=\"204\" src=\"https:\/\/radiostudiow.com.br\/site\/wp-content\/uploads\/2026\/01\/BARROS-2026.png\" alt=\"\" class=\"wp-image-46173\" srcset=\"https:\/\/radiostudiow.com.br\/site\/wp-content\/uploads\/2026\/01\/BARROS-2026.png 731w, https:\/\/radiostudiow.com.br\/site\/wp-content\/uploads\/2026\/01\/BARROS-2026-300x84.png 300w\" sizes=\"auto, (max-width: 731px) 100vw, 731px\" \/><\/figure>\n\n\n\n<p>A equipe do Corpo de Bombeiros Militar (CBM) compareceu ao local, realizando procedimentos de seguran\u00e7a e o estancamento parcial do vazamento em um dos compartimentos.<\/p>\n\n\n\n<p>Posteriormente, \u00e0s 01h30, a empresa especializada CETRIC chegou para os trabalhos de transbordo e limpeza, contudo, a opera\u00e7\u00e3o foi vetada pelo CBM devido \u00e0 proximidade cr\u00edtica entre os ve\u00edculos e ao risco iminente de explos\u00e3o ou inc\u00eandio por fa\u00edscas, caso houvesse a movimenta\u00e7\u00e3o das estruturas antes da total mitiga\u00e7\u00e3o dos riscos. A via segue liberada com anu\u00eancia do CBM em ambos os sentidos.<\/p>\n\n\n\n<p class=\"has-text-align-center\"><em>Informa\u00e7\u00f5es e imagem PRF\/Mat\u00e9ria Rep\u00f3rter Kiko de Oliveira<\/em><\/p>\n\n\n\n<figure class=\"wp-block-video\"><video height=\"480\" style=\"aspect-ratio: 848 \/ 480;\" width=\"848\" controls src=\"https:\/\/radiostudiow.com.br\/site\/wp-content\/uploads\/2026\/03\/WhatsApp-Video-2026-03-04-at-17.53.58.mp4\"><\/video><\/figure>\n","protected":false},"excerpt":{"rendered":"<p>A equipe da Pol\u00edcia Rodovi\u00e1ria Federal (PRF) atendeu a um acidente do tipo colis\u00e3o lateral de mesmo sentido no km 272 da BR-277, em Prudent\u00f3polis (PR). O acidente envolveu dois ve\u00edculos de carga e n\u00e3o resultando em v\u00edtimas por volta de 21 horas desta ter\u00e7a-feira (03). Os ve\u00edculos envolvidos foram um caminh\u00e3o VW de cor [&hellip;]<\/p>\n","protected":false},"author":2,"featured_media":48099,"comment_status":"open","ping_status":"open","sticky":false,"template":"","format":"video","meta":{"footnotes":""},"categories":[185],"tags":[172],"class_list":["post-48098","post","type-post","status-publish","format-video","has-post-thumbnail","hentry","category-regional","tag-featured","post_format-post-format-video"],"amp_enabled":true,"_links":{"self":[{"href":"https:\/\/radiostudiow.com.br\/site\/wp-json\/wp\/v2\/posts\/48098","targetHints":{"allow":["GET"]}}],"collection":[{"href":"https:\/\/radiostudiow.com.br\/site\/wp-json\/wp\/v2\/posts"}],"about":[{"href":"https:\/\/radiostudiow.com.br\/site\/wp-json\/wp\/v2\/types\/post"}],"author":[{"embeddable":true,"href":"https:\/\/radiostudiow.com.br\/site\/wp-json\/wp\/v2\/users\/2"}],"replies":[{"embeddable":true,"href":"https:\/\/radiostudiow.com.br\/site\/wp-json\/wp\/v2\/comments?post=48098"}],"version-history":[{"count":3,"href":"https:\/\/radiostudiow.com.br\/site\/wp-json\/wp\/v2\/posts\/48098\/revisions"}],"predecessor-version":[{"id":48117,"href":"https:\/\/radiostudiow.com.br\/site\/wp-json\/wp\/v2\/posts\/48098\/revisions\/48117"}],"wp:featuredmedia":[{"embeddable":true,"href":"https:\/\/radiostudiow.com.br\/site\/wp-json\/wp\/v2\/media\/48099"}],"wp:attachment":[{"href":"https:\/\/radiostudiow.com.br\/site\/wp-json\/wp\/v2\/media?parent=48098"}],"wp:term":[{"taxonomy":"category","embeddable":true,"href":"https:\/\/radiostudiow.com.br\/site\/wp-json\/wp\/v2\/categories?post=48098"},{"taxonomy":"post_tag","embeddable":true,"href":"https:\/\/radiostudiow.com.br\/site\/wp-json\/wp\/v2\/tags?post=48098"}],"curies":[{"name":"wp","href":"https:\/\/api.w.org\/{rel}","templated":true}]}}