{"id":48101,"date":"2026-03-04T17:15:18","date_gmt":"2026-03-04T20:15:18","guid":{"rendered":"https:\/\/radiostudiow.com.br\/site\/?p=48101"},"modified":"2026-03-04T17:15:26","modified_gmt":"2026-03-04T20:15:26","slug":"caminhao-carregado-de-toras-pega-fogo-na-br-153-em-irati","status":"publish","type":"post","link":"https:\/\/radiostudiow.com.br\/site\/2026\/03\/04\/caminhao-carregado-de-toras-pega-fogo-na-br-153-em-irati\/","title":{"rendered":"Caminh\u00e3o carregado de toras pega fogo na BR-153 em Irati"},"content":{"rendered":"\n<figure class=\"wp-block-image size-full\"><img loading=\"lazy\" decoding=\"async\" width=\"598\" height=\"204\" src=\"https:\/\/radiostudiow.com.br\/site\/wp-content\/uploads\/2024\/10\/labirati.png\" alt=\"\" class=\"wp-image-28854\" srcset=\"https:\/\/radiostudiow.com.br\/site\/wp-content\/uploads\/2024\/10\/labirati.png 598w, https:\/\/radiostudiow.com.br\/site\/wp-content\/uploads\/2024\/10\/labirati-300x102.png 300w\" sizes=\"auto, (max-width: 598px) 100vw, 598px\" \/><\/figure>\n\n\n\n<p>Um caminh\u00e3o carregado de toras de madeira, pertencente a uma empresa de Uni\u00e3o da Vit\u00f3ria, pegou fogo no km 1 da BR-153, em Irati por volta das 15h15min desta quarta-feira (04).<\/p>\n\n\n\n<p>O ve\u00edculo seguia de Uni\u00e3o da Vit\u00f3ria com destino a Tel\u00eamaco Borba quando o inc\u00eandio teve in\u00edcio<\/p>\n\n\n\n<p>De acordo com o Corpo de Bombeiros, n\u00e3o houve v\u00edtimas. As equipes foram acionadas e realizaram o combate \u00e0s chamas, conseguindo controlar o inc\u00eandio no local.<\/p>\n\n\n\n<figure class=\"wp-block-gallery has-nested-images columns-default is-cropped wp-block-gallery-1 is-layout-flex wp-block-gallery-is-layout-flex\">\n<figure class=\"wp-block-image size-large\"><img loading=\"lazy\" decoding=\"async\" width=\"1024\" height=\"614\" data-id=\"45321\" src=\"https:\/\/radiostudiow.com.br\/site\/wp-content\/uploads\/2025\/12\/SITES-PEQUENO-GRANDE-1024x614.png\" alt=\"\" class=\"wp-image-45321\" srcset=\"https:\/\/radiostudiow.com.br\/site\/wp-content\/uploads\/2025\/12\/SITES-PEQUENO-GRANDE-1024x614.png 1024w, https:\/\/radiostudiow.com.br\/site\/wp-content\/uploads\/2025\/12\/SITES-PEQUENO-GRANDE-300x180.png 300w, https:\/\/radiostudiow.com.br\/site\/wp-content\/uploads\/2025\/12\/SITES-PEQUENO-GRANDE-768x461.png 768w, https:\/\/radiostudiow.com.br\/site\/wp-content\/uploads\/2025\/12\/SITES-PEQUENO-GRANDE-1536x921.png 1536w, https:\/\/radiostudiow.com.br\/site\/wp-content\/uploads\/2025\/12\/SITES-PEQUENO-GRANDE-1000x600.png 1000w, https:\/\/radiostudiow.com.br\/site\/wp-content\/uploads\/2025\/12\/SITES-PEQUENO-GRANDE-590x354.png 590w, https:\/\/radiostudiow.com.br\/site\/wp-content\/uploads\/2025\/12\/SITES-PEQUENO-GRANDE-400x240.png 400w, https:\/\/radiostudiow.com.br\/site\/wp-content\/uploads\/2025\/12\/SITES-PEQUENO-GRANDE.png 1672w\" sizes=\"auto, (max-width: 1024px) 100vw, 1024px\" \/><\/figure>\n\n\n\n<figure class=\"wp-block-image size-large\"><img decoding=\"async\" data-id=\"44123\" src=\"https:\/\/radiostudiow.com.br\/site\/wp-content\/uploads\/2025\/10\/SUPREMA-BARBA.png\" alt=\"\" class=\"wp-image-44123\"\/><\/figure>\n<\/figure>\n\n\n\n<p>Ainda conforme os bombeiros, a suspeita \u00e9 de que o fogo tenha come\u00e7ado no rodado dianteiro do caminh\u00e3o. As causas exatas dever\u00e3o ser apuradas.<\/p>\n\n\n\n<p>O motorista n\u00e3o se feriu. Durante o atendimento da ocorr\u00eancia, o tr\u00e1fego na rodovia apresentou lentid\u00e3o.<\/p>\n\n\n\n<p class=\"has-text-align-center\"><em>Informa\u00e7\u00f5es: 6\u00b0CIBM\/Imagem: 6\u00b0CIBM\/Rede Social\/Mat\u00e9ria: Rep\u00f3rter Kiko de Oliveira<\/em><\/p>\n\n\n\n<p><\/p>\n","protected":false},"excerpt":{"rendered":"<p>Um caminh\u00e3o carregado de toras de madeira, pertencente a uma empresa de Uni\u00e3o da Vit\u00f3ria, pegou fogo no km 1 da BR-153, em Irati por volta das 15h15min desta quarta-feira (04). O ve\u00edculo seguia de Uni\u00e3o da Vit\u00f3ria com destino a Tel\u00eamaco Borba quando o inc\u00eandio teve in\u00edcio De acordo com o Corpo de Bombeiros, [&hellip;]<\/p>\n","protected":false},"author":2,"featured_media":48102,"comment_status":"open","ping_status":"open","sticky":false,"template":"","format":"standard","meta":{"footnotes":""},"categories":[185],"tags":[172],"class_list":["post-48101","post","type-post","status-publish","format-standard","has-post-thumbnail","hentry","category-regional","tag-featured"],"amp_enabled":true,"_links":{"self":[{"href":"https:\/\/radiostudiow.com.br\/site\/wp-json\/wp\/v2\/posts\/48101","targetHints":{"allow":["GET"]}}],"collection":[{"href":"https:\/\/radiostudiow.com.br\/site\/wp-json\/wp\/v2\/posts"}],"about":[{"href":"https:\/\/radiostudiow.com.br\/site\/wp-json\/wp\/v2\/types\/post"}],"author":[{"embeddable":true,"href":"https:\/\/radiostudiow.com.br\/site\/wp-json\/wp\/v2\/users\/2"}],"replies":[{"embeddable":true,"href":"https:\/\/radiostudiow.com.br\/site\/wp-json\/wp\/v2\/comments?post=48101"}],"version-history":[{"count":2,"href":"https:\/\/radiostudiow.com.br\/site\/wp-json\/wp\/v2\/posts\/48101\/revisions"}],"predecessor-version":[{"id":48105,"href":"https:\/\/radiostudiow.com.br\/site\/wp-json\/wp\/v2\/posts\/48101\/revisions\/48105"}],"wp:featuredmedia":[{"embeddable":true,"href":"https:\/\/radiostudiow.com.br\/site\/wp-json\/wp\/v2\/media\/48102"}],"wp:attachment":[{"href":"https:\/\/radiostudiow.com.br\/site\/wp-json\/wp\/v2\/media?parent=48101"}],"wp:term":[{"taxonomy":"category","embeddable":true,"href":"https:\/\/radiostudiow.com.br\/site\/wp-json\/wp\/v2\/categories?post=48101"},{"taxonomy":"post_tag","embeddable":true,"href":"https:\/\/radiostudiow.com.br\/site\/wp-json\/wp\/v2\/tags?post=48101"}],"curies":[{"name":"wp","href":"https:\/\/api.w.org\/{rel}","templated":true}]}}