{"id":48106,"date":"2026-03-04T17:27:41","date_gmt":"2026-03-04T20:27:41","guid":{"rendered":"https:\/\/radiostudiow.com.br\/site\/?p=48106"},"modified":"2026-03-04T17:27:42","modified_gmt":"2026-03-04T20:27:42","slug":"colisao-entre-carro-e-onibus-e-registrada-na-br-153-entre-uniao-da-vitoria-e-general-carneiro","status":"publish","type":"post","link":"https:\/\/radiostudiow.com.br\/site\/2026\/03\/04\/colisao-entre-carro-e-onibus-e-registrada-na-br-153-entre-uniao-da-vitoria-e-general-carneiro\/","title":{"rendered":"Colis\u00e3o entre carro e \u00f4nibus \u00e9 registrada na BR-153 entre Uni\u00e3o da Vit\u00f3ria e General Carneiro"},"content":{"rendered":"\n<figure class=\"wp-block-image size-full\"><img loading=\"lazy\" decoding=\"async\" width=\"598\" height=\"204\" src=\"https:\/\/radiostudiow.com.br\/site\/wp-content\/uploads\/2024\/01\/SITE-MEDIO.png\" alt=\"\" class=\"wp-image-18916\" srcset=\"https:\/\/radiostudiow.com.br\/site\/wp-content\/uploads\/2024\/01\/SITE-MEDIO.png 598w, https:\/\/radiostudiow.com.br\/site\/wp-content\/uploads\/2024\/01\/SITE-MEDIO-300x102.png 300w\" sizes=\"auto, (max-width: 598px) 100vw, 598px\" \/><\/figure>\n\n\n\n<p>Um acidente de tr\u00e2nsito foi registrado  na BR-153, no conhecido trevo de acesso \u00e0 Col\u00f4nia Trabuco, pr\u00f3ximo ao km 464, antes do posto Cacique, para quem segue de Uni\u00e3o da Vit\u00f3ria sentido General Carneiro no in\u00edcio da tarde desta ter\u00e7a-feira (04).<\/p>\n\n\n\n<p>Segundo informa\u00e7\u00f5es apuradas no local, um Fiat Palio branco, com placas Mercosul e registro de Curitiba, acabou colidindo contra um \u00f4nibus que atravessava o trevo.<\/p>\n\n\n\n<p>O Corpo de Bombeiros Militar de Uni\u00e3o da Vit\u00f3ria atendeu pelo menos quatro ocupantes do autom\u00f3vel, entre eles uma menor de idade. As v\u00edtimas receberam atendimento no local e, a princ\u00edpio, apresentavam ferimentos sem gravidade.<\/p>\n\n\n\n<figure class=\"wp-block-gallery has-nested-images columns-default is-cropped wp-block-gallery-1 is-layout-flex wp-block-gallery-is-layout-flex\">\n<figure class=\"wp-block-image size-large\"><img loading=\"lazy\" decoding=\"async\" width=\"300\" height=\"180\" data-id=\"38014\" src=\"https:\/\/radiostudiow.com.br\/site\/wp-content\/uploads\/2025\/05\/VANE.png\" alt=\"\" class=\"wp-image-38014\"\/><\/figure>\n\n\n\n<figure class=\"wp-block-image size-large\"><img loading=\"lazy\" decoding=\"async\" width=\"300\" height=\"180\" data-id=\"39582\" src=\"https:\/\/radiostudiow.com.br\/site\/wp-content\/uploads\/2025\/06\/PLAY-HALL.png\" alt=\"\" class=\"wp-image-39582\"\/><\/figure>\n<\/figure>\n\n\n\n<p>A reportagem observou que uma mulher apresentava sangramento na cabe\u00e7a e a adolescente estava com um dos bra\u00e7os imobilizados com suspeita de fratura, por\u00e9m estando todas as v\u00edtimas conscientes.<\/p>\n\n\n\n<p>No \u00f4nibus, ningu\u00e9m ficou ferido.<\/p>\n\n\n\n<p>A Pol\u00edcia Rodovi\u00e1ria Federal esteve no local para os procedimentos necess\u00e1rios. O tr\u00e2nsito n\u00e3o precisou ser interrompido.<\/p>\n\n\n\n<p class=\"has-text-align-center\"><em>Da reda\u00e7\u00e3o\/Foto: Assis, O Rep\u00f3rter<\/em><\/p>\n","protected":false},"excerpt":{"rendered":"<p>Um acidente de tr\u00e2nsito foi registrado na BR-153, no conhecido trevo de acesso \u00e0 Col\u00f4nia Trabuco, pr\u00f3ximo ao km 464, antes do posto Cacique, para quem segue de Uni\u00e3o da Vit\u00f3ria sentido General Carneiro no in\u00edcio da tarde desta ter\u00e7a-feira (04). Segundo informa\u00e7\u00f5es apuradas no local, um Fiat Palio branco, com placas Mercosul e registro [&hellip;]<\/p>\n","protected":false},"author":2,"featured_media":48107,"comment_status":"open","ping_status":"open","sticky":false,"template":"","format":"standard","meta":{"footnotes":""},"categories":[185],"tags":[172],"class_list":["post-48106","post","type-post","status-publish","format-standard","has-post-thumbnail","hentry","category-regional","tag-featured"],"amp_enabled":true,"_links":{"self":[{"href":"https:\/\/radiostudiow.com.br\/site\/wp-json\/wp\/v2\/posts\/48106","targetHints":{"allow":["GET"]}}],"collection":[{"href":"https:\/\/radiostudiow.com.br\/site\/wp-json\/wp\/v2\/posts"}],"about":[{"href":"https:\/\/radiostudiow.com.br\/site\/wp-json\/wp\/v2\/types\/post"}],"author":[{"embeddable":true,"href":"https:\/\/radiostudiow.com.br\/site\/wp-json\/wp\/v2\/users\/2"}],"replies":[{"embeddable":true,"href":"https:\/\/radiostudiow.com.br\/site\/wp-json\/wp\/v2\/comments?post=48106"}],"version-history":[{"count":1,"href":"https:\/\/radiostudiow.com.br\/site\/wp-json\/wp\/v2\/posts\/48106\/revisions"}],"predecessor-version":[{"id":48108,"href":"https:\/\/radiostudiow.com.br\/site\/wp-json\/wp\/v2\/posts\/48106\/revisions\/48108"}],"wp:featuredmedia":[{"embeddable":true,"href":"https:\/\/radiostudiow.com.br\/site\/wp-json\/wp\/v2\/media\/48107"}],"wp:attachment":[{"href":"https:\/\/radiostudiow.com.br\/site\/wp-json\/wp\/v2\/media?parent=48106"}],"wp:term":[{"taxonomy":"category","embeddable":true,"href":"https:\/\/radiostudiow.com.br\/site\/wp-json\/wp\/v2\/categories?post=48106"},{"taxonomy":"post_tag","embeddable":true,"href":"https:\/\/radiostudiow.com.br\/site\/wp-json\/wp\/v2\/tags?post=48106"}],"curies":[{"name":"wp","href":"https:\/\/api.w.org\/{rel}","templated":true}]}}