{"id":48121,"date":"2026-03-04T19:43:40","date_gmt":"2026-03-04T22:43:40","guid":{"rendered":"https:\/\/radiostudiow.com.br\/site\/?p=48121"},"modified":"2026-03-04T19:43:40","modified_gmt":"2026-03-04T22:43:40","slug":"brigadistas-de-paulo-frontin-combatem-incendio-em-estufa-de-fumo-na-divisa-com-paula-freitas","status":"publish","type":"post","link":"https:\/\/radiostudiow.com.br\/site\/2026\/03\/04\/brigadistas-de-paulo-frontin-combatem-incendio-em-estufa-de-fumo-na-divisa-com-paula-freitas\/","title":{"rendered":"Brigadistas de Paulo Frontin combatem inc\u00eandio em estufa de fumo na divisa com Paula Freitas"},"content":{"rendered":"\n<figure class=\"wp-block-image size-full\"><img loading=\"lazy\" decoding=\"async\" width=\"598\" height=\"204\" src=\"https:\/\/radiostudiow.com.br\/site\/wp-content\/uploads\/2025\/05\/POLAK.png\" alt=\"\" class=\"wp-image-37847\" srcset=\"https:\/\/radiostudiow.com.br\/site\/wp-content\/uploads\/2025\/05\/POLAK.png 598w, https:\/\/radiostudiow.com.br\/site\/wp-content\/uploads\/2025\/05\/POLAK-300x102.png 300w\" sizes=\"auto, (max-width: 598px) 100vw, 598px\" \/><\/figure>\n\n\n\n<p><\/p>\n\n\n\n<p class=\"has-medium-font-size\">A <strong>Brigada de Volunt\u00e1rios de Paulo Frontin<\/strong> foi acionada na noite desta ter\u00e7a-feira, dia 03 de mar\u00e7o, por volta das 20h, para atender a uma ocorr\u00eancia de inc\u00eandio em uma estufa de fumo localizada na comunidade de Carazinho, \u00e1rea rural do munic\u00edpio de <strong>Paulo Frontin<\/strong>, na divisa com <strong>Paula Freitas<\/strong>.<\/p>\n\n\n\n<p>De acordo com as informa\u00e7\u00f5es repassadas pelos brigadistas, o fogo atingiu uma estufa conjugada com um paiol anexo, provocando danos materiais significativos. Apesar da propor\u00e7\u00e3o do inc\u00eandio, n\u00e3o houve registro de v\u00edtimas.<\/p>\n\n\n\n<figure class=\"wp-block-image size-large\"><img loading=\"lazy\" decoding=\"async\" width=\"576\" height=\"1024\" src=\"https:\/\/radiostudiow.com.br\/site\/wp-content\/uploads\/2026\/03\/6c4185b8-1d3f-4196-a704-e7cbf61d2749-1-576x1024.jpg\" alt=\"\" class=\"wp-image-48125\" srcset=\"https:\/\/radiostudiow.com.br\/site\/wp-content\/uploads\/2026\/03\/6c4185b8-1d3f-4196-a704-e7cbf61d2749-1-576x1024.jpg 576w, https:\/\/radiostudiow.com.br\/site\/wp-content\/uploads\/2026\/03\/6c4185b8-1d3f-4196-a704-e7cbf61d2749-1-169x300.jpg 169w, https:\/\/radiostudiow.com.br\/site\/wp-content\/uploads\/2026\/03\/6c4185b8-1d3f-4196-a704-e7cbf61d2749-1-768x1366.jpg 768w, https:\/\/radiostudiow.com.br\/site\/wp-content\/uploads\/2026\/03\/6c4185b8-1d3f-4196-a704-e7cbf61d2749-1-864x1536.jpg 864w, https:\/\/radiostudiow.com.br\/site\/wp-content\/uploads\/2026\/03\/6c4185b8-1d3f-4196-a704-e7cbf61d2749-1.jpg 899w\" sizes=\"auto, (max-width: 576px) 100vw, 576px\" \/><\/figure>\n\n\n\n<figure class=\"wp-block-image size-full\"><img loading=\"lazy\" decoding=\"async\" width=\"731\" height=\"246\" src=\"https:\/\/radiostudiow.com.br\/site\/wp-content\/uploads\/2026\/01\/VITALY.png\" alt=\"\" class=\"wp-image-46547\" srcset=\"https:\/\/radiostudiow.com.br\/site\/wp-content\/uploads\/2026\/01\/VITALY.png 731w, https:\/\/radiostudiow.com.br\/site\/wp-content\/uploads\/2026\/01\/VITALY-300x101.png 300w\" sizes=\"auto, (max-width: 731px) 100vw, 731px\" \/><\/figure>\n\n\n\n<p><\/p>\n\n\n\n<p class=\"has-medium-font-size\">Segundo relato do propriet\u00e1rio, aproximadamente <strong>1.000 quilos de fumo<\/strong> foram completamente destru\u00eddos pelas chamas. As equipes atuaram no combate ao fogo e no rescaldo, evitando que as chamas se propagassem para outras estruturas pr\u00f3ximas.<\/p>\n\n\n\n<p><strong>As causas do inc\u00eandio n\u00e3o foram divulgadas at\u00e9 o momento.<\/strong><\/p>\n\n\n\n<h2 class=\"wp-block-heading\">Informa\u00e7\u00f5es Brigadistas Volunt\u00e1rios de Paulo Frontin \/ Reda\u00e7\u00e3o Studio W\/Fotos: M.M.<\/h2>\n\n\n\n<p><\/p>\n\n\n\n<p><\/p>\n","protected":false},"excerpt":{"rendered":"<p>A Brigada de Volunt\u00e1rios de Paulo Frontin foi acionada na noite desta ter\u00e7a-feira, dia 03 de mar\u00e7o, por volta das 20h, para atender a uma ocorr\u00eancia de inc\u00eandio em uma estufa de fumo localizada na comunidade de Carazinho, \u00e1rea rural do munic\u00edpio de Paulo Frontin, na divisa com Paula Freitas. De acordo com as informa\u00e7\u00f5es [&hellip;]<\/p>\n","protected":false},"author":2,"featured_media":48122,"comment_status":"open","ping_status":"open","sticky":false,"template":"","format":"standard","meta":{"footnotes":""},"categories":[185],"tags":[172],"class_list":["post-48121","post","type-post","status-publish","format-standard","has-post-thumbnail","hentry","category-regional","tag-featured"],"amp_enabled":true,"_links":{"self":[{"href":"https:\/\/radiostudiow.com.br\/site\/wp-json\/wp\/v2\/posts\/48121","targetHints":{"allow":["GET"]}}],"collection":[{"href":"https:\/\/radiostudiow.com.br\/site\/wp-json\/wp\/v2\/posts"}],"about":[{"href":"https:\/\/radiostudiow.com.br\/site\/wp-json\/wp\/v2\/types\/post"}],"author":[{"embeddable":true,"href":"https:\/\/radiostudiow.com.br\/site\/wp-json\/wp\/v2\/users\/2"}],"replies":[{"embeddable":true,"href":"https:\/\/radiostudiow.com.br\/site\/wp-json\/wp\/v2\/comments?post=48121"}],"version-history":[{"count":1,"href":"https:\/\/radiostudiow.com.br\/site\/wp-json\/wp\/v2\/posts\/48121\/revisions"}],"predecessor-version":[{"id":48126,"href":"https:\/\/radiostudiow.com.br\/site\/wp-json\/wp\/v2\/posts\/48121\/revisions\/48126"}],"wp:featuredmedia":[{"embeddable":true,"href":"https:\/\/radiostudiow.com.br\/site\/wp-json\/wp\/v2\/media\/48122"}],"wp:attachment":[{"href":"https:\/\/radiostudiow.com.br\/site\/wp-json\/wp\/v2\/media?parent=48121"}],"wp:term":[{"taxonomy":"category","embeddable":true,"href":"https:\/\/radiostudiow.com.br\/site\/wp-json\/wp\/v2\/categories?post=48121"},{"taxonomy":"post_tag","embeddable":true,"href":"https:\/\/radiostudiow.com.br\/site\/wp-json\/wp\/v2\/tags?post=48121"}],"curies":[{"name":"wp","href":"https:\/\/api.w.org\/{rel}","templated":true}]}}