{"id":48127,"date":"2026-03-04T21:31:55","date_gmt":"2026-03-05T00:31:55","guid":{"rendered":"https:\/\/radiostudiow.com.br\/site\/?p=48127"},"modified":"2026-03-04T21:33:23","modified_gmt":"2026-03-05T00:33:23","slug":"brigadistas-voluntarios-de-paulo-frontin-socorrem-vitimas-de-ataque-de-abelhas-na-area-rural","status":"publish","type":"post","link":"https:\/\/radiostudiow.com.br\/site\/2026\/03\/04\/brigadistas-voluntarios-de-paulo-frontin-socorrem-vitimas-de-ataque-de-abelhas-na-area-rural\/","title":{"rendered":"Brigadistas Volunt\u00e1rios de Paulo Frontin socorrem v\u00edtimas de ataque de abelhas na \u00e1rea rural"},"content":{"rendered":"\n<p>Imagem ilustrativa<\/p>\n\n\n\n<p style=\"font-size:26px\">Os <strong>Brigada de Volunt\u00e1rios de Paulo Frontin<\/strong> foram acionados no in\u00edcio da noite desta quarta-feira dia 04 de mar\u00e7o por volta das 18h, para atender a uma ocorr\u00eancia de ataque de abelhas no interior do munic\u00edpio de <strong>Paulo Frontin<\/strong>, na localidade de Manduri.<\/p>\n\n\n\n<p>Segundo informa\u00e7\u00f5es repassadas pelos brigadistas, duas pessoas ficaram feridas no ataque: uma mulher idosa e um homem que, conforme relatos, apresentava centenas de picadas pelo corpo, o que agravava o estado de sa\u00fade da v\u00edtima.<\/p>\n\n\n\n<p style=\"font-size:17px\">Diante da gravidade da situa\u00e7\u00e3o, foi solicitado apoio do <strong>SAMU<\/strong> e do <strong>Corpo de Bombeiros Militar de S\u00e3o Mateus do Sul<\/strong>. No entanto, devido \u00e0 aus\u00eancia de ambul\u00e2ncia dispon\u00edvel no Pronto Atendimento de Paulo Frontin e \u00e0 dificuldade para a chegada imediata da equipe do SAMU, os brigadistas precisaram agir de forma emergencial.<\/p>\n\n\n\n<p style=\"font-size:28px\"><strong>Como um dos integrantes da Brigada \u00e9 apicultor, ele utilizou equipamentos de prote\u00e7\u00e3o adequados para acessar a \u00e1rea do ataque e realizar o resgate das v\u00edtimas com seguran\u00e7a. Ap\u00f3s o atendimento inicial, as v\u00edtimas foram transportadas no pr\u00f3prio caminh\u00e3o da Brigada at\u00e9 o Pronto Atendimento Municipal.<\/strong><\/p>\n\n\n\n<p>No local, ambas receberam atendimento m\u00e9dico e permanecem sob cuidados, sendo medicadas conforme protocolo cl\u00ednico. O estado de sa\u00fade atualizado das v\u00edtimas n\u00e3o foi divulgado at\u00e9 o fechamento desta edi\u00e7\u00e3o.<\/p>\n\n\n\n<p><\/p>\n\n\n\n<h2 class=\"wp-block-heading\">Informa\u00e7\u00f5es: Brigada Volunt\u00e1ria de Paulo Frontin \/ Reda\u00e7\u00e3o Studio W \/ Foto: Ilustrativa da Brigada<\/h2>\n\n\n\n<p><\/p>\n","protected":false},"excerpt":{"rendered":"<p>Imagem ilustrativa Os Brigada de Volunt\u00e1rios de Paulo Frontin foram acionados no in\u00edcio da noite desta quarta-feira dia 04 de mar\u00e7o por volta das 18h, para atender a uma ocorr\u00eancia de ataque de abelhas no interior do munic\u00edpio de Paulo Frontin, na localidade de Manduri. Segundo informa\u00e7\u00f5es repassadas pelos brigadistas, duas pessoas ficaram feridas no [&hellip;]<\/p>\n","protected":false},"author":2,"featured_media":48132,"comment_status":"open","ping_status":"open","sticky":false,"template":"","format":"standard","meta":{"footnotes":""},"categories":[185],"tags":[172],"class_list":["post-48127","post","type-post","status-publish","format-standard","has-post-thumbnail","hentry","category-regional","tag-featured"],"amp_enabled":true,"_links":{"self":[{"href":"https:\/\/radiostudiow.com.br\/site\/wp-json\/wp\/v2\/posts\/48127","targetHints":{"allow":["GET"]}}],"collection":[{"href":"https:\/\/radiostudiow.com.br\/site\/wp-json\/wp\/v2\/posts"}],"about":[{"href":"https:\/\/radiostudiow.com.br\/site\/wp-json\/wp\/v2\/types\/post"}],"author":[{"embeddable":true,"href":"https:\/\/radiostudiow.com.br\/site\/wp-json\/wp\/v2\/users\/2"}],"replies":[{"embeddable":true,"href":"https:\/\/radiostudiow.com.br\/site\/wp-json\/wp\/v2\/comments?post=48127"}],"version-history":[{"count":1,"href":"https:\/\/radiostudiow.com.br\/site\/wp-json\/wp\/v2\/posts\/48127\/revisions"}],"predecessor-version":[{"id":48131,"href":"https:\/\/radiostudiow.com.br\/site\/wp-json\/wp\/v2\/posts\/48127\/revisions\/48131"}],"wp:featuredmedia":[{"embeddable":true,"href":"https:\/\/radiostudiow.com.br\/site\/wp-json\/wp\/v2\/media\/48132"}],"wp:attachment":[{"href":"https:\/\/radiostudiow.com.br\/site\/wp-json\/wp\/v2\/media?parent=48127"}],"wp:term":[{"taxonomy":"category","embeddable":true,"href":"https:\/\/radiostudiow.com.br\/site\/wp-json\/wp\/v2\/categories?post=48127"},{"taxonomy":"post_tag","embeddable":true,"href":"https:\/\/radiostudiow.com.br\/site\/wp-json\/wp\/v2\/tags?post=48127"}],"curies":[{"name":"wp","href":"https:\/\/api.w.org\/{rel}","templated":true}]}}