{"id":48134,"date":"2026-03-05T09:15:37","date_gmt":"2026-03-05T12:15:37","guid":{"rendered":"https:\/\/radiostudiow.com.br\/site\/?p=48134"},"modified":"2026-03-05T09:15:38","modified_gmt":"2026-03-05T12:15:38","slug":"policia-militar-ambiental-autua-responsavel-por-desmate-e-deposito-irregular-de-imbuia-em-fernandes-pinheiro","status":"publish","type":"post","link":"https:\/\/radiostudiow.com.br\/site\/2026\/03\/05\/policia-militar-ambiental-autua-responsavel-por-desmate-e-deposito-irregular-de-imbuia-em-fernandes-pinheiro\/","title":{"rendered":"Pol\u00edcia Militar Ambiental autua respons\u00e1vel por desmate e dep\u00f3sito irregular de imbuia em Fernandes Pinheiro"},"content":{"rendered":"\n<p>Uma equipe da Pol\u00edcia Militar Ambiental atendeu den\u00fancia relativa a crime contra a flora, na localidade de Santa Luzia, munic\u00edpio de Fernandes Pinheiro nessa ter\u00e7a-feira (03).<\/p>\n\n\n\n<p>No local, a equipe constatou dano em floresta nativa, mediante a supress\u00e3o de vegeta\u00e7\u00e3o e movimenta\u00e7\u00e3o de solo para a constru\u00e7\u00e3o de tanques, em \u00e1rea correspondente a aproximadamente 0,12 hectare.<\/p>\n\n\n\n<figure class=\"wp-block-image size-full\"><img loading=\"lazy\" decoding=\"async\" width=\"731\" height=\"204\" src=\"https:\/\/radiostudiow.com.br\/site\/wp-content\/uploads\/2025\/10\/ZAIONS.png\" alt=\"\" class=\"wp-image-44147\" srcset=\"https:\/\/radiostudiow.com.br\/site\/wp-content\/uploads\/2025\/10\/ZAIONS.png 731w, https:\/\/radiostudiow.com.br\/site\/wp-content\/uploads\/2025\/10\/ZAIONS-300x84.png 300w\" sizes=\"auto, (max-width: 731px) 100vw, 731px\" \/><\/figure>\n\n\n\n<p>As esp\u00e9cies atingidas pelo desmate foram vassour\u00e3o-branco, bracatinga, canela, pessegueiro-bravo, guabirobeira e pimenteira. Tamb\u00e9m foi verificado o dep\u00f3sito de 47 d\u00fazias de palanques de imbuia, sem documenta\u00e7\u00e3o que comprovasse a origem legal do material.<\/p>\n\n\n\n<p>Diante das irregularidades constatadas, foram lavrados dois autos de infra\u00e7\u00e3o ambiental, nos valores de R$ 7.000,00 e R$ 14.000,00, sendo ambos aplicados ao respons\u00e1vel pela \u00e1rea e pelo material lenhoso.<\/p>\n\n\n\n<p class=\"has-text-align-center\"><em>POL\u00cdCIA MILITAR DO PARAN\u00c1: \u201cN\u00f3s fazemos a diferen\u00e7a!\u201d<\/em><\/p>\n\n\n\n<figure class=\"wp-block-gallery has-nested-images columns-default is-cropped wp-block-gallery-1 is-layout-flex wp-block-gallery-is-layout-flex\">\n<figure class=\"wp-block-image size-large\"><img loading=\"lazy\" decoding=\"async\" width=\"1024\" height=\"768\" data-id=\"48137\" src=\"https:\/\/radiostudiow.com.br\/site\/wp-content\/uploads\/2026\/03\/image-11-1024x768.png\" alt=\"\" class=\"wp-image-48137\" srcset=\"https:\/\/radiostudiow.com.br\/site\/wp-content\/uploads\/2026\/03\/image-11-1024x768.png 1024w, https:\/\/radiostudiow.com.br\/site\/wp-content\/uploads\/2026\/03\/image-11-300x225.png 300w, https:\/\/radiostudiow.com.br\/site\/wp-content\/uploads\/2026\/03\/image-11-768x576.png 768w, https:\/\/radiostudiow.com.br\/site\/wp-content\/uploads\/2026\/03\/image-11-1536x1152.png 1536w, https:\/\/radiostudiow.com.br\/site\/wp-content\/uploads\/2026\/03\/image-11.png 1600w\" sizes=\"auto, (max-width: 1024px) 100vw, 1024px\" \/><\/figure>\n\n\n\n<figure class=\"wp-block-image size-large\"><img loading=\"lazy\" decoding=\"async\" width=\"1024\" height=\"768\" data-id=\"48136\" src=\"https:\/\/radiostudiow.com.br\/site\/wp-content\/uploads\/2026\/03\/image-10-1024x768.png\" alt=\"\" class=\"wp-image-48136\" srcset=\"https:\/\/radiostudiow.com.br\/site\/wp-content\/uploads\/2026\/03\/image-10-1024x768.png 1024w, https:\/\/radiostudiow.com.br\/site\/wp-content\/uploads\/2026\/03\/image-10-300x225.png 300w, https:\/\/radiostudiow.com.br\/site\/wp-content\/uploads\/2026\/03\/image-10-768x576.png 768w, https:\/\/radiostudiow.com.br\/site\/wp-content\/uploads\/2026\/03\/image-10-1536x1152.png 1536w, https:\/\/radiostudiow.com.br\/site\/wp-content\/uploads\/2026\/03\/image-10.png 1600w\" sizes=\"auto, (max-width: 1024px) 100vw, 1024px\" \/><\/figure>\n<\/figure>\n\n\n\n<p><\/p>\n","protected":false},"excerpt":{"rendered":"<p>Uma equipe da Pol\u00edcia Militar Ambiental atendeu den\u00fancia relativa a crime contra a flora, na localidade de Santa Luzia, munic\u00edpio de Fernandes Pinheiro nessa ter\u00e7a-feira (03). No local, a equipe constatou dano em floresta nativa, mediante a supress\u00e3o de vegeta\u00e7\u00e3o e movimenta\u00e7\u00e3o de solo para a constru\u00e7\u00e3o de tanques, em \u00e1rea correspondente a aproximadamente 0,12 [&hellip;]<\/p>\n","protected":false},"author":2,"featured_media":48135,"comment_status":"open","ping_status":"open","sticky":false,"template":"","format":"standard","meta":{"footnotes":""},"categories":[2],"tags":[172],"class_list":["post-48134","post","type-post","status-publish","format-standard","has-post-thumbnail","hentry","category-policial","tag-featured"],"amp_enabled":true,"_links":{"self":[{"href":"https:\/\/radiostudiow.com.br\/site\/wp-json\/wp\/v2\/posts\/48134","targetHints":{"allow":["GET"]}}],"collection":[{"href":"https:\/\/radiostudiow.com.br\/site\/wp-json\/wp\/v2\/posts"}],"about":[{"href":"https:\/\/radiostudiow.com.br\/site\/wp-json\/wp\/v2\/types\/post"}],"author":[{"embeddable":true,"href":"https:\/\/radiostudiow.com.br\/site\/wp-json\/wp\/v2\/users\/2"}],"replies":[{"embeddable":true,"href":"https:\/\/radiostudiow.com.br\/site\/wp-json\/wp\/v2\/comments?post=48134"}],"version-history":[{"count":1,"href":"https:\/\/radiostudiow.com.br\/site\/wp-json\/wp\/v2\/posts\/48134\/revisions"}],"predecessor-version":[{"id":48138,"href":"https:\/\/radiostudiow.com.br\/site\/wp-json\/wp\/v2\/posts\/48134\/revisions\/48138"}],"wp:featuredmedia":[{"embeddable":true,"href":"https:\/\/radiostudiow.com.br\/site\/wp-json\/wp\/v2\/media\/48135"}],"wp:attachment":[{"href":"https:\/\/radiostudiow.com.br\/site\/wp-json\/wp\/v2\/media?parent=48134"}],"wp:term":[{"taxonomy":"category","embeddable":true,"href":"https:\/\/radiostudiow.com.br\/site\/wp-json\/wp\/v2\/categories?post=48134"},{"taxonomy":"post_tag","embeddable":true,"href":"https:\/\/radiostudiow.com.br\/site\/wp-json\/wp\/v2\/tags?post=48134"}],"curies":[{"name":"wp","href":"https:\/\/api.w.org\/{rel}","templated":true}]}}