{"id":48152,"date":"2026-03-05T19:11:22","date_gmt":"2026-03-05T22:11:22","guid":{"rendered":"https:\/\/radiostudiow.com.br\/site\/?p=48152"},"modified":"2026-03-05T19:22:16","modified_gmt":"2026-03-05T22:22:16","slug":"colisao-entre-onibus-e-caminhao-deixa-tres-feridos-na-br-277-em-guarapuava","status":"publish","type":"post","link":"https:\/\/radiostudiow.com.br\/site\/2026\/03\/05\/colisao-entre-onibus-e-caminhao-deixa-tres-feridos-na-br-277-em-guarapuava\/","title":{"rendered":"Colis\u00e3o entre \u00f4nibus e caminh\u00e3o deixa tr\u00eas feridos na BR-277 em Guarapuava"},"content":{"rendered":"\n<p>Acidente ocorreu durante a noite pr\u00f3ximo ao Posto Panor\u00e2mico; motorista do \u00f4nibus ficou preso \u00e0s ferragens e precisou ser resgatado pelas equipes de socorro.<\/p>\n\n\n\n<p>Uma colis\u00e3o envolvendo um \u00f4nibus e um caminh\u00e3o foi registrada na noite desta quarta-feira (4) na BR-277, em Guarapuava, na regi\u00e3o central do Paran\u00e1. O acidente ocorreu por volta das 23h11, no km 344 da rodovia, nas proximidades do Posto Panor\u00e2mico.<\/p>\n\n\n\n<p>De acordo com informa\u00e7\u00f5es do 12\u00ba Batalh\u00e3o de Bombeiro Militar (12\u00ba BBM), a ocorr\u00eancia foi uma colis\u00e3o traseira entre um \u00f4nibus que transportava passageiros que retornavam de tratamento de sa\u00fade e um caminh\u00e3o.<\/p>\n\n\n\n<p>O motorista do caminh\u00e3o n\u00e3o sofreu ferimentos. J\u00e1 o motorista do \u00f4nibus ficou preso \u00e0s ferragens, inicialmente com ferimentos moderados, mas apresentou rebaixamento de consci\u00eancia durante o atendimento, sendo necess\u00e1rio retir\u00e1-lo do ve\u00edculo por meio de um plano emergencial de resgate.<\/p>\n\n\n\n<p>No total, tr\u00eas pessoas ficaram feridas \u2014 uma com ferimentos graves e duas com ferimentos leves. Outras 20 pessoas n\u00e3o se feriram.<\/p>\n\n\n\n<p>Durante o atendimento, muitas das v\u00edtimas ilesas se deslocaram at\u00e9 o Posto Panor\u00e2mico para se abrigar, enquanto as equipes realizavam o trabalho de resgate, o que dificultou a contagem precisa de todos os envolvidos, tarefa que ficou sob responsabilidade da Pol\u00edcia Rodovi\u00e1ria Federal (PRF).<\/p>\n\n\n\n<p>Al\u00e9m disso, sete passageiros que estavam no interior do \u00f4nibus foram retirados com o aux\u00edlio de uma escada. Duas pessoas portadoras de necessidades especiais tamb\u00e9m foram retiradas do ve\u00edculo em maca pelas equipes de resgate.<\/p>\n\n\n\n<p>As v\u00edtimas feridas foram encaminhadas para atendimento m\u00e9dico, e as causas do acidente dever\u00e3o ser apuradas.<\/p>\n\n\n\n<p class=\"has-text-align-center\"><em>Informa\u00e7\u00f5es: 12\u00ba BBM \/ Imagem: Fabricio Eduardo \/ Portal do Paran\u00e1 \/ Mat\u00e9ria: Rep\u00f3rter Kiko de Oliveira<\/em><\/p>\n","protected":false},"excerpt":{"rendered":"<p>Acidente ocorreu durante a noite pr\u00f3ximo ao Posto Panor\u00e2mico; motorista do \u00f4nibus ficou preso \u00e0s ferragens e precisou ser resgatado pelas equipes de socorro. Uma colis\u00e3o envolvendo um \u00f4nibus e um caminh\u00e3o foi registrada na noite desta quarta-feira (4) na BR-277, em Guarapuava, na regi\u00e3o central do Paran\u00e1. O acidente ocorreu por volta das 23h11, [&hellip;]<\/p>\n","protected":false},"author":2,"featured_media":48163,"comment_status":"open","ping_status":"open","sticky":false,"template":"","format":"standard","meta":{"footnotes":""},"categories":[185],"tags":[172],"class_list":["post-48152","post","type-post","status-publish","format-standard","has-post-thumbnail","hentry","category-regional","tag-featured"],"amp_enabled":true,"_links":{"self":[{"href":"https:\/\/radiostudiow.com.br\/site\/wp-json\/wp\/v2\/posts\/48152","targetHints":{"allow":["GET"]}}],"collection":[{"href":"https:\/\/radiostudiow.com.br\/site\/wp-json\/wp\/v2\/posts"}],"about":[{"href":"https:\/\/radiostudiow.com.br\/site\/wp-json\/wp\/v2\/types\/post"}],"author":[{"embeddable":true,"href":"https:\/\/radiostudiow.com.br\/site\/wp-json\/wp\/v2\/users\/2"}],"replies":[{"embeddable":true,"href":"https:\/\/radiostudiow.com.br\/site\/wp-json\/wp\/v2\/comments?post=48152"}],"version-history":[{"count":3,"href":"https:\/\/radiostudiow.com.br\/site\/wp-json\/wp\/v2\/posts\/48152\/revisions"}],"predecessor-version":[{"id":48166,"href":"https:\/\/radiostudiow.com.br\/site\/wp-json\/wp\/v2\/posts\/48152\/revisions\/48166"}],"wp:featuredmedia":[{"embeddable":true,"href":"https:\/\/radiostudiow.com.br\/site\/wp-json\/wp\/v2\/media\/48163"}],"wp:attachment":[{"href":"https:\/\/radiostudiow.com.br\/site\/wp-json\/wp\/v2\/media?parent=48152"}],"wp:term":[{"taxonomy":"category","embeddable":true,"href":"https:\/\/radiostudiow.com.br\/site\/wp-json\/wp\/v2\/categories?post=48152"},{"taxonomy":"post_tag","embeddable":true,"href":"https:\/\/radiostudiow.com.br\/site\/wp-json\/wp\/v2\/tags?post=48152"}],"curies":[{"name":"wp","href":"https:\/\/api.w.org\/{rel}","templated":true}]}}