{"id":48178,"date":"2026-03-06T10:55:05","date_gmt":"2026-03-06T13:55:05","guid":{"rendered":"https:\/\/radiostudiow.com.br\/site\/?p=48178"},"modified":"2026-03-06T10:55:06","modified_gmt":"2026-03-06T13:55:06","slug":"policia-militar-prende-homem-com-mandado-de-prisao-por-furto-em-general-carneiro","status":"publish","type":"post","link":"https:\/\/radiostudiow.com.br\/site\/2026\/03\/06\/policia-militar-prende-homem-com-mandado-de-prisao-por-furto-em-general-carneiro\/","title":{"rendered":"Pol\u00edcia Militar prende homem com mandado de pris\u00e3o por furto em General Carneiro"},"content":{"rendered":"\n<figure class=\"wp-block-gallery has-nested-images columns-default is-cropped wp-block-gallery-1 is-layout-flex wp-block-gallery-is-layout-flex\">\n<figure class=\"wp-block-image size-large\"><img loading=\"lazy\" decoding=\"async\" width=\"300\" height=\"180\" data-id=\"38014\" src=\"https:\/\/radiostudiow.com.br\/site\/wp-content\/uploads\/2025\/05\/VANE.png\" alt=\"\" class=\"wp-image-38014\"\/><\/figure>\n\n\n\n<figure class=\"wp-block-image size-large\"><img loading=\"lazy\" decoding=\"async\" width=\"300\" height=\"180\" data-id=\"39582\" src=\"https:\/\/radiostudiow.com.br\/site\/wp-content\/uploads\/2025\/06\/PLAY-HALL.png\" alt=\"\" class=\"wp-image-39582\"\/><\/figure>\n<\/figure>\n\n\n\n<p>Um homem com mandado de pris\u00e3o em aberto pelo crime de furto foi preso pela Pol\u00edcia Militar na manh\u00e3 desta quinta-feira, dia 05 de mar\u00e7o, no bairro S\u00e3o Jo\u00e3o, em General Carneiro.<\/p>\n\n\n\n<p><strong>De acordo com informa\u00e7\u00f5es da Pol\u00edcia Militar, a equipe realizava patrulhamento de rotina por volta das 9h quando visualizou um indiv\u00edduo j\u00e1 conhecido no meio policial e que possu\u00eda um mandado de pris\u00e3o em aberto.<\/strong><\/p>\n\n\n\n<p>Ao perceber a presen\u00e7a da viatura, o suspeito tentou despistar os policiais mudando repentinamente de dire\u00e7\u00e3o e entrando em uma resid\u00eancia nas proximidades. Diante da fundada suspeita e da informa\u00e7\u00e3o sobre o mandado judicial, os policiais realizaram adentramento t\u00e1tico no im\u00f3vel.<\/p>\n\n\n\n<p><strong>Durante as buscas no interior da casa, o homem foi localizado em um dos quartos. Ao receber voz de abordagem, ele resistiu \u00e0 a\u00e7\u00e3o policial com chutes e empurr\u00f5es, sendo necess\u00e1rio o uso de t\u00e9cnicas de imobiliza\u00e7\u00e3o e o emprego de algemas para cont\u00ea-lo.<\/strong><\/p>\n\n\n\n<figure class=\"wp-block-gallery has-nested-images columns-default is-cropped wp-block-gallery-2 is-layout-flex wp-block-gallery-is-layout-flex\">\n<figure class=\"wp-block-image size-large\"><img loading=\"lazy\" decoding=\"async\" width=\"300\" height=\"180\" data-id=\"47110\" src=\"https:\/\/radiostudiow.com.br\/site\/wp-content\/uploads\/2026\/01\/EXTREME.png\" alt=\"\" class=\"wp-image-47110\"\/><\/figure>\n\n\n\n<figure class=\"wp-block-image size-large\"><img decoding=\"async\" data-id=\"44123\" src=\"https:\/\/radiostudiow.com.br\/site\/wp-content\/uploads\/2025\/10\/SUPREMA-BARBA.png\" alt=\"\" class=\"wp-image-44123\"\/><\/figure>\n<\/figure>\n\n\n\n<p>Ap\u00f3s a conten\u00e7\u00e3o, os policiais confirmaram a identidade do suspeito e a exist\u00eancia do mandado de pris\u00e3o. Ele foi detido e encaminhado ao Departamento de Pol\u00edcia Penal (DEPEN) de Uni\u00e3o da Vit\u00f3ria, onde permanece \u00e0 disposi\u00e7\u00e3o da Justi\u00e7a.<\/p>\n\n\n\n<p>A Pol\u00edcia Militar refor\u00e7a que den\u00fancias e informa\u00e7\u00f5es da comunidade s\u00e3o importantes para auxiliar no cumprimento de mandados judiciais e na retirada de foragidos das ruas.<\/p>\n\n\n\n<h2 class=\"wp-block-heading\">Informa\u00e7\u00f5es: 27\u00ba BPMPR<\/h2>\n","protected":false},"excerpt":{"rendered":"<p>Um homem com mandado de pris\u00e3o em aberto pelo crime de furto foi preso pela Pol\u00edcia Militar na manh\u00e3 desta quinta-feira, dia 05 de mar\u00e7o, no bairro S\u00e3o Jo\u00e3o, em General Carneiro. De acordo com informa\u00e7\u00f5es da Pol\u00edcia Militar, a equipe realizava patrulhamento de rotina por volta das 9h quando visualizou um indiv\u00edduo j\u00e1 conhecido [&hellip;]<\/p>\n","protected":false},"author":2,"featured_media":30100,"comment_status":"open","ping_status":"open","sticky":false,"template":"","format":"standard","meta":{"footnotes":""},"categories":[2],"tags":[172],"class_list":["post-48178","post","type-post","status-publish","format-standard","has-post-thumbnail","hentry","category-policial","tag-featured"],"amp_enabled":true,"_links":{"self":[{"href":"https:\/\/radiostudiow.com.br\/site\/wp-json\/wp\/v2\/posts\/48178","targetHints":{"allow":["GET"]}}],"collection":[{"href":"https:\/\/radiostudiow.com.br\/site\/wp-json\/wp\/v2\/posts"}],"about":[{"href":"https:\/\/radiostudiow.com.br\/site\/wp-json\/wp\/v2\/types\/post"}],"author":[{"embeddable":true,"href":"https:\/\/radiostudiow.com.br\/site\/wp-json\/wp\/v2\/users\/2"}],"replies":[{"embeddable":true,"href":"https:\/\/radiostudiow.com.br\/site\/wp-json\/wp\/v2\/comments?post=48178"}],"version-history":[{"count":1,"href":"https:\/\/radiostudiow.com.br\/site\/wp-json\/wp\/v2\/posts\/48178\/revisions"}],"predecessor-version":[{"id":48179,"href":"https:\/\/radiostudiow.com.br\/site\/wp-json\/wp\/v2\/posts\/48178\/revisions\/48179"}],"wp:featuredmedia":[{"embeddable":true,"href":"https:\/\/radiostudiow.com.br\/site\/wp-json\/wp\/v2\/media\/30100"}],"wp:attachment":[{"href":"https:\/\/radiostudiow.com.br\/site\/wp-json\/wp\/v2\/media?parent=48178"}],"wp:term":[{"taxonomy":"category","embeddable":true,"href":"https:\/\/radiostudiow.com.br\/site\/wp-json\/wp\/v2\/categories?post=48178"},{"taxonomy":"post_tag","embeddable":true,"href":"https:\/\/radiostudiow.com.br\/site\/wp-json\/wp\/v2\/tags?post=48178"}],"curies":[{"name":"wp","href":"https:\/\/api.w.org\/{rel}","templated":true}]}}