{"id":48184,"date":"2026-03-06T11:36:48","date_gmt":"2026-03-06T14:36:48","guid":{"rendered":"https:\/\/radiostudiow.com.br\/site\/?p=48184"},"modified":"2026-03-06T11:36:49","modified_gmt":"2026-03-06T14:36:49","slug":"homem-e-agredido-e-tem-veiculo-roubado-durante-ataque-em-empresa-em-uniao-da-vitoria","status":"publish","type":"post","link":"https:\/\/radiostudiow.com.br\/site\/2026\/03\/06\/homem-e-agredido-e-tem-veiculo-roubado-durante-ataque-em-empresa-em-uniao-da-vitoria\/","title":{"rendered":"Homem \u00e9 agredido e tem ve\u00edculo roubado durante ataque em empresa em Uni\u00e3o da Vit\u00f3ria"},"content":{"rendered":"\n<figure class=\"wp-block-gallery has-nested-images columns-default is-cropped wp-block-gallery-1 is-layout-flex wp-block-gallery-is-layout-flex\">\n<figure class=\"wp-block-image size-large\"><img loading=\"lazy\" decoding=\"async\" width=\"300\" height=\"180\" data-id=\"39582\" src=\"https:\/\/radiostudiow.com.br\/site\/wp-content\/uploads\/2025\/06\/PLAY-HALL.png\" alt=\"\" class=\"wp-image-39582\"\/><\/figure>\n\n\n\n<figure class=\"wp-block-image size-large\"><img loading=\"lazy\" decoding=\"async\" width=\"300\" height=\"180\" data-id=\"37219\" src=\"https:\/\/radiostudiow.com.br\/site\/wp-content\/uploads\/2025\/04\/AGRODU.png\" alt=\"\" class=\"wp-image-37219\"\/><\/figure>\n<\/figure>\n\n\n\n<p>Uma ocorr\u00eancia de les\u00e3o corporal e roubo de ve\u00edculo foi registrada pela Pol\u00edcia Militar na tarde desta quinta-feira, dia 05 de mar\u00e7o, no bairro S\u00e3o Crist\u00f3v\u00e3o, em Uni\u00e3o da Vit\u00f3ria.<\/p>\n\n\n\n<p class=\"has-medium-font-size\"><strong>De acordo com informa\u00e7\u00f5es repassadas pela Pol\u00edcia Militar, a equipe foi acionada por volta das 15h para verificar uma situa\u00e7\u00e3o em que uma mulher relatava que ela e o marido estariam sendo amea\u00e7ados pelo patr\u00e3o dele.<\/strong><\/p>\n\n\n\n<p>Ao chegar ao local, os policiais encontraram um homem ca\u00eddo ao solo, visivelmente agredido e desorientado, sem conseguir responder de forma clara aos questionamentos da equipe.<\/p>\n\n\n\n<p><strong>Outro homem relatou aos policiais que ele e um colega haviam comparecido \u00e0 empresa para assinar documentos referentes \u00e0 demiss\u00e3o e receber o acerto trabalhista. No entanto, durante a perman\u00eancia no local, eles teriam sido surpreendidos por dois indiv\u00edduos desconhecidos, que passaram a agredi-los.<\/strong><\/p>\n\n\n\n<figure class=\"wp-block-gallery has-nested-images columns-default is-cropped wp-block-gallery-2 is-layout-flex wp-block-gallery-is-layout-flex\">\n<figure class=\"wp-block-image size-large\"><img loading=\"lazy\" decoding=\"async\" width=\"300\" height=\"180\" data-id=\"41962\" src=\"https:\/\/radiostudiow.com.br\/site\/wp-content\/uploads\/2025\/08\/LILO.png\" alt=\"\" class=\"wp-image-41962\"\/><\/figure>\n\n\n\n<figure class=\"wp-block-image size-large\"><img decoding=\"async\" data-id=\"44123\" src=\"https:\/\/radiostudiow.com.br\/site\/wp-content\/uploads\/2025\/10\/SUPREMA-BARBA.png\" alt=\"\" class=\"wp-image-44123\"\/><\/figure>\n<\/figure>\n\n\n\n<p>Segundo o relato, durante as agress\u00f5es os autores tomaram \u00e0 for\u00e7a o ve\u00edculo de um dos homens, um <strong>Ford Fusion<\/strong>, de placas MJD7H35, fugindo em seguida.<\/p>\n\n\n\n<p>O noticiante informou \u00e0 pol\u00edcia que n\u00e3o conhece os autores do crime e que n\u00e3o reagiu no momento do ocorrido por medo de repres\u00e1lias, j\u00e1 que os agressores afirmaram saber onde ele mora.<\/p>\n\n\n\n<p class=\"has-medium-font-size\"><strong>Ainda conforme o depoimento, o colega que o acompanhava foi agredido de forma mais intensa, recebendo chutes e golpes com uma barra de ferro, o que teria provocado diversas les\u00f5es e o estado de desorienta\u00e7\u00e3o em que foi encontrado pela equipe policial.<\/strong><\/p>\n\n\n\n<p>Diante da situa\u00e7\u00e3o, a Pol\u00edcia Militar prestou orienta\u00e7\u00f5es \u00e0s v\u00edtimas quanto aos procedimentos legais e realizou o registro da ocorr\u00eancia. O caso dever\u00e1 ser investigado pelas autoridades competentes.<\/p>\n\n\n\n<h2 class=\"wp-block-heading\">FONTE: 27\u00baBPMPR<\/h2>\n\n\n\n<p><\/p>\n","protected":false},"excerpt":{"rendered":"<p>Uma ocorr\u00eancia de les\u00e3o corporal e roubo de ve\u00edculo foi registrada pela Pol\u00edcia Militar na tarde desta quinta-feira, dia 05 de mar\u00e7o, no bairro S\u00e3o Crist\u00f3v\u00e3o, em Uni\u00e3o da Vit\u00f3ria. De acordo com informa\u00e7\u00f5es repassadas pela Pol\u00edcia Militar, a equipe foi acionada por volta das 15h para verificar uma situa\u00e7\u00e3o em que uma mulher relatava [&hellip;]<\/p>\n","protected":false},"author":2,"featured_media":48185,"comment_status":"open","ping_status":"open","sticky":false,"template":"","format":"standard","meta":{"footnotes":""},"categories":[2],"tags":[172],"class_list":["post-48184","post","type-post","status-publish","format-standard","has-post-thumbnail","hentry","category-policial","tag-featured"],"amp_enabled":true,"_links":{"self":[{"href":"https:\/\/radiostudiow.com.br\/site\/wp-json\/wp\/v2\/posts\/48184","targetHints":{"allow":["GET"]}}],"collection":[{"href":"https:\/\/radiostudiow.com.br\/site\/wp-json\/wp\/v2\/posts"}],"about":[{"href":"https:\/\/radiostudiow.com.br\/site\/wp-json\/wp\/v2\/types\/post"}],"author":[{"embeddable":true,"href":"https:\/\/radiostudiow.com.br\/site\/wp-json\/wp\/v2\/users\/2"}],"replies":[{"embeddable":true,"href":"https:\/\/radiostudiow.com.br\/site\/wp-json\/wp\/v2\/comments?post=48184"}],"version-history":[{"count":1,"href":"https:\/\/radiostudiow.com.br\/site\/wp-json\/wp\/v2\/posts\/48184\/revisions"}],"predecessor-version":[{"id":48186,"href":"https:\/\/radiostudiow.com.br\/site\/wp-json\/wp\/v2\/posts\/48184\/revisions\/48186"}],"wp:featuredmedia":[{"embeddable":true,"href":"https:\/\/radiostudiow.com.br\/site\/wp-json\/wp\/v2\/media\/48185"}],"wp:attachment":[{"href":"https:\/\/radiostudiow.com.br\/site\/wp-json\/wp\/v2\/media?parent=48184"}],"wp:term":[{"taxonomy":"category","embeddable":true,"href":"https:\/\/radiostudiow.com.br\/site\/wp-json\/wp\/v2\/categories?post=48184"},{"taxonomy":"post_tag","embeddable":true,"href":"https:\/\/radiostudiow.com.br\/site\/wp-json\/wp\/v2\/tags?post=48184"}],"curies":[{"name":"wp","href":"https:\/\/api.w.org\/{rel}","templated":true}]}}