{"id":48187,"date":"2026-03-06T11:50:51","date_gmt":"2026-03-06T14:50:51","guid":{"rendered":"https:\/\/radiostudiow.com.br\/site\/?p=48187"},"modified":"2026-03-06T11:50:52","modified_gmt":"2026-03-06T14:50:52","slug":"mulher-com-mandado-de-prisao-e-detida-pela-policia-militar-em-rio-azul","status":"publish","type":"post","link":"https:\/\/radiostudiow.com.br\/site\/2026\/03\/06\/mulher-com-mandado-de-prisao-e-detida-pela-policia-militar-em-rio-azul\/","title":{"rendered":"Mulher com mandado de pris\u00e3o \u00e9 detida pela Pol\u00edcia Militar em Rio Azul"},"content":{"rendered":"\n<figure class=\"wp-block-image size-full\"><img loading=\"lazy\" decoding=\"async\" width=\"598\" height=\"204\" src=\"https:\/\/radiostudiow.com.br\/site\/wp-content\/uploads\/2025\/05\/POLAK.png\" alt=\"\" class=\"wp-image-37847\" srcset=\"https:\/\/radiostudiow.com.br\/site\/wp-content\/uploads\/2025\/05\/POLAK.png 598w, https:\/\/radiostudiow.com.br\/site\/wp-content\/uploads\/2025\/05\/POLAK-300x102.png 300w\" sizes=\"auto, (max-width: 598px) 100vw, 598px\" \/><\/figure>\n\n\n\n<p><strong>Uma mulher com mandado de pris\u00e3o em aberto foi detida pela Pol\u00edcia Militar na noite desta quinta-feira, dia 05 de mar\u00e7o, no munic\u00edpio de Rio Azul.<\/strong><\/p>\n\n\n\n<p class=\"has-medium-font-size\">De acordo com informa\u00e7\u00f5es da corpora\u00e7\u00e3o, a a\u00e7\u00e3o foi realizada por volta das 23h ap\u00f3s a equipe da Ag\u00eancia Local de Intelig\u00eancia da 8\u00aa Companhia Independente da Pol\u00edcia Militar (8\u00aa CIPM) solicitar apoio da equipe de R\u00e1dio Patrulha Auto (RPA) para realizar a abordagem de uma mulher que possivelmente estaria com mandado de pris\u00e3o.<\/p>\n\n\n\n<p><strong>A abordagem ocorreu na Rua Paulo Burko, nas proximidades do bairro Terra Nova. Durante a revista pessoal, nada de il\u00edcito foi encontrado com a suspeita. No entanto, ao realizar a consulta nos sistemas informatizados, os policiais confirmaram a exist\u00eancia de um mandado de pris\u00e3o expedido em seu desfavor.<\/strong><\/p>\n\n\n\n<figure class=\"wp-block-image size-full\"><img loading=\"lazy\" decoding=\"async\" width=\"598\" height=\"204\" src=\"https:\/\/radiostudiow.com.br\/site\/wp-content\/uploads\/2024\/10\/labirati.png\" alt=\"\" class=\"wp-image-28854\" srcset=\"https:\/\/radiostudiow.com.br\/site\/wp-content\/uploads\/2024\/10\/labirati.png 598w, https:\/\/radiostudiow.com.br\/site\/wp-content\/uploads\/2024\/10\/labirati-300x102.png 300w\" sizes=\"auto, (max-width: 598px) 100vw, 598px\" \/><\/figure>\n\n\n\n<p>Diante da constata\u00e7\u00e3o, a mulher recebeu voz de pris\u00e3o e foi encaminhada inicialmente para a realiza\u00e7\u00e3o de exame de les\u00e3o corporal. Na sequ\u00eancia, ela foi conduzida ao Departamento de Pol\u00edcia Penal (DEPPEN) de Irati, onde ficou \u00e0 disposi\u00e7\u00e3o da Justi\u00e7a.<\/p>\n\n\n\n<p>A Pol\u00edcia Militar n\u00e3o informou o motivo do mandado de pris\u00e3o.<\/p>\n\n\n\n<h2 class=\"wp-block-heading\">FONTE: 8\u00aa CIA da PMPR\/ Apoio Rep\u00f3rter Kiko de Oliveira<\/h2>\n","protected":false},"excerpt":{"rendered":"<p>Uma mulher com mandado de pris\u00e3o em aberto foi detida pela Pol\u00edcia Militar na noite desta quinta-feira, dia 05 de mar\u00e7o, no munic\u00edpio de Rio Azul. De acordo com informa\u00e7\u00f5es da corpora\u00e7\u00e3o, a a\u00e7\u00e3o foi realizada por volta das 23h ap\u00f3s a equipe da Ag\u00eancia Local de Intelig\u00eancia da 8\u00aa Companhia Independente da Pol\u00edcia Militar [&hellip;]<\/p>\n","protected":false},"author":2,"featured_media":47655,"comment_status":"open","ping_status":"open","sticky":false,"template":"","format":"standard","meta":{"footnotes":""},"categories":[185],"tags":[172],"class_list":["post-48187","post","type-post","status-publish","format-standard","has-post-thumbnail","hentry","category-regional","tag-featured"],"amp_enabled":true,"_links":{"self":[{"href":"https:\/\/radiostudiow.com.br\/site\/wp-json\/wp\/v2\/posts\/48187","targetHints":{"allow":["GET"]}}],"collection":[{"href":"https:\/\/radiostudiow.com.br\/site\/wp-json\/wp\/v2\/posts"}],"about":[{"href":"https:\/\/radiostudiow.com.br\/site\/wp-json\/wp\/v2\/types\/post"}],"author":[{"embeddable":true,"href":"https:\/\/radiostudiow.com.br\/site\/wp-json\/wp\/v2\/users\/2"}],"replies":[{"embeddable":true,"href":"https:\/\/radiostudiow.com.br\/site\/wp-json\/wp\/v2\/comments?post=48187"}],"version-history":[{"count":1,"href":"https:\/\/radiostudiow.com.br\/site\/wp-json\/wp\/v2\/posts\/48187\/revisions"}],"predecessor-version":[{"id":48188,"href":"https:\/\/radiostudiow.com.br\/site\/wp-json\/wp\/v2\/posts\/48187\/revisions\/48188"}],"wp:featuredmedia":[{"embeddable":true,"href":"https:\/\/radiostudiow.com.br\/site\/wp-json\/wp\/v2\/media\/47655"}],"wp:attachment":[{"href":"https:\/\/radiostudiow.com.br\/site\/wp-json\/wp\/v2\/media?parent=48187"}],"wp:term":[{"taxonomy":"category","embeddable":true,"href":"https:\/\/radiostudiow.com.br\/site\/wp-json\/wp\/v2\/categories?post=48187"},{"taxonomy":"post_tag","embeddable":true,"href":"https:\/\/radiostudiow.com.br\/site\/wp-json\/wp\/v2\/tags?post=48187"}],"curies":[{"name":"wp","href":"https:\/\/api.w.org\/{rel}","templated":true}]}}