{"id":48189,"date":"2026-03-06T14:19:50","date_gmt":"2026-03-06T17:19:50","guid":{"rendered":"https:\/\/radiostudiow.com.br\/site\/?p=48189"},"modified":"2026-03-06T14:19:51","modified_gmt":"2026-03-06T17:19:51","slug":"homem-e-preso-por-adulteracao-de-sinal-identificador-de-motocicleta-em-reboucas","status":"publish","type":"post","link":"https:\/\/radiostudiow.com.br\/site\/2026\/03\/06\/homem-e-preso-por-adulteracao-de-sinal-identificador-de-motocicleta-em-reboucas\/","title":{"rendered":"Homem \u00e9 preso por adultera\u00e7\u00e3o de sinal identificador de motocicleta em Rebou\u00e7as"},"content":{"rendered":"\n<figure class=\"wp-block-image size-full\"><img loading=\"lazy\" decoding=\"async\" width=\"731\" height=\"204\" src=\"https:\/\/radiostudiow.com.br\/site\/wp-content\/uploads\/2025\/10\/ZAIONS.png\" alt=\"\" class=\"wp-image-44147\" srcset=\"https:\/\/radiostudiow.com.br\/site\/wp-content\/uploads\/2025\/10\/ZAIONS.png 731w, https:\/\/radiostudiow.com.br\/site\/wp-content\/uploads\/2025\/10\/ZAIONS-300x84.png 300w\" sizes=\"auto, (max-width: 731px) 100vw, 731px\" \/><\/figure>\n\n\n\n<p><strong>Um homem foi preso na madrugada desta sexta-feira, dia 06 de mar\u00e7o, por adultera\u00e7\u00e3o de sinal identificador de ve\u00edculo durante uma abordagem realizada pela Pol\u00edcia Militar na \u00e1rea central de Rebou\u00e7as.<\/strong><\/p>\n\n\n\n<p>De acordo com informa\u00e7\u00f5es do 2\u00ba Pelot\u00e3o da Pol\u00edcia Militar, por volta das 2h15 a equipe realizava patrulhamento quando avistou uma motocicleta cujo condutor, ao perceber a aproxima\u00e7\u00e3o da viatura, demonstrou atitude suspeita e tentou mudar sua rota de tr\u00e1fego.<\/p>\n\n\n\n<p class=\"has-medium-font-size\"><strong>Diante da fundada suspeita, os policiais realizaram a abordagem e identificaram o condutor. Durante a revista pessoal, nada de il\u00edcito foi encontrado com ele. No entanto, ao consultar os sistemas da Secretaria de Seguran\u00e7a P\u00fablica (SESP), foi constatado que o homem n\u00e3o possu\u00eda Carteira Nacional de Habilita\u00e7\u00e3o (CNH).<\/strong><\/p>\n\n\n\n<figure class=\"wp-block-gallery has-nested-images columns-default is-cropped wp-block-gallery-1 is-layout-flex wp-block-gallery-is-layout-flex\">\n<figure class=\"wp-block-image size-large\"><img loading=\"lazy\" decoding=\"async\" width=\"300\" height=\"180\" data-id=\"37219\" src=\"https:\/\/radiostudiow.com.br\/site\/wp-content\/uploads\/2025\/04\/AGRODU.png\" alt=\"\" class=\"wp-image-37219\"\/><\/figure>\n\n\n\n<figure class=\"wp-block-image size-large\"><img loading=\"lazy\" decoding=\"async\" width=\"300\" height=\"180\" data-id=\"47110\" src=\"https:\/\/radiostudiow.com.br\/site\/wp-content\/uploads\/2026\/01\/EXTREME.png\" alt=\"\" class=\"wp-image-47110\"\/><\/figure>\n<\/figure>\n\n\n\n<p class=\"has-medium-font-size\">Ainda durante a verifica\u00e7\u00e3o, os policiais constataram que a motocicleta apresentava d\u00e9bitos na documenta\u00e7\u00e3o, com o \u00faltimo licenciamento registrado no ano de 2010. A placa do ve\u00edculo indicava tratar-se de uma <strong>Yamaha\/Factor YBR 125<\/strong>, de cor vermelha, informa\u00e7\u00e3o que correspondia ao n\u00famero do chassi.<\/p>\n\n\n\n<p>Contudo, ao verificar o motor, a equipe observou que a numera\u00e7\u00e3o estava raspada e que os n\u00fameros e letras aparentes divergiam dos registros da placa e do chassi, caracterizando ind\u00edcios de adultera\u00e7\u00e3o.<\/p>\n\n\n\n<p>Diante da situa\u00e7\u00e3o, o condutor recebeu voz de pris\u00e3o. Ele foi encaminhado inicialmente ao Hospital Darcy Vargas para realiza\u00e7\u00e3o de exame de les\u00e3o corporal e, em seguida, conduzido \u00e0 Delegacia da Pol\u00edcia Civil de Irati para as provid\u00eancias cab\u00edveis da autoridade policial.<\/p>\n\n\n\n<p><strong>Al\u00e9m da pris\u00e3o, tamb\u00e9m foram lavradas as notifica\u00e7\u00f5es de tr\u00e2nsito pertinentes.<\/strong><\/p>\n\n\n\n<h2 class=\"wp-block-heading\">FONTE: 8\u00aa CIA DA PMPR\/REP\u00d3RTER KIKO DE OLIVEIRA<\/h2>\n","protected":false},"excerpt":{"rendered":"<p>Um homem foi preso na madrugada desta sexta-feira, dia 06 de mar\u00e7o, por adultera\u00e7\u00e3o de sinal identificador de ve\u00edculo durante uma abordagem realizada pela Pol\u00edcia Militar na \u00e1rea central de Rebou\u00e7as. De acordo com informa\u00e7\u00f5es do 2\u00ba Pelot\u00e3o da Pol\u00edcia Militar, por volta das 2h15 a equipe realizava patrulhamento quando avistou uma motocicleta cujo condutor, [&hellip;]<\/p>\n","protected":false},"author":2,"featured_media":35298,"comment_status":"open","ping_status":"open","sticky":false,"template":"","format":"standard","meta":{"footnotes":""},"categories":[2],"tags":[172],"class_list":["post-48189","post","type-post","status-publish","format-standard","has-post-thumbnail","hentry","category-policial","tag-featured"],"amp_enabled":true,"_links":{"self":[{"href":"https:\/\/radiostudiow.com.br\/site\/wp-json\/wp\/v2\/posts\/48189","targetHints":{"allow":["GET"]}}],"collection":[{"href":"https:\/\/radiostudiow.com.br\/site\/wp-json\/wp\/v2\/posts"}],"about":[{"href":"https:\/\/radiostudiow.com.br\/site\/wp-json\/wp\/v2\/types\/post"}],"author":[{"embeddable":true,"href":"https:\/\/radiostudiow.com.br\/site\/wp-json\/wp\/v2\/users\/2"}],"replies":[{"embeddable":true,"href":"https:\/\/radiostudiow.com.br\/site\/wp-json\/wp\/v2\/comments?post=48189"}],"version-history":[{"count":1,"href":"https:\/\/radiostudiow.com.br\/site\/wp-json\/wp\/v2\/posts\/48189\/revisions"}],"predecessor-version":[{"id":48190,"href":"https:\/\/radiostudiow.com.br\/site\/wp-json\/wp\/v2\/posts\/48189\/revisions\/48190"}],"wp:featuredmedia":[{"embeddable":true,"href":"https:\/\/radiostudiow.com.br\/site\/wp-json\/wp\/v2\/media\/35298"}],"wp:attachment":[{"href":"https:\/\/radiostudiow.com.br\/site\/wp-json\/wp\/v2\/media?parent=48189"}],"wp:term":[{"taxonomy":"category","embeddable":true,"href":"https:\/\/radiostudiow.com.br\/site\/wp-json\/wp\/v2\/categories?post=48189"},{"taxonomy":"post_tag","embeddable":true,"href":"https:\/\/radiostudiow.com.br\/site\/wp-json\/wp\/v2\/tags?post=48189"}],"curies":[{"name":"wp","href":"https:\/\/api.w.org\/{rel}","templated":true}]}}