{"id":48199,"date":"2026-03-07T09:53:21","date_gmt":"2026-03-07T12:53:21","guid":{"rendered":"https:\/\/radiostudiow.com.br\/site\/?p=48199"},"modified":"2026-03-07T09:53:21","modified_gmt":"2026-03-07T12:53:21","slug":"policia-militarprende-homem-por-ameaca-em-caso-de-violencia-domestica-em-sao-mateus-do-sul","status":"publish","type":"post","link":"https:\/\/radiostudiow.com.br\/site\/2026\/03\/07\/policia-militarprende-homem-por-ameaca-em-caso-de-violencia-domestica-em-sao-mateus-do-sul\/","title":{"rendered":"Pol\u00edcia Militarprende homem por amea\u00e7a em caso de viol\u00eancia dom\u00e9stica em S\u00e3o Mateus do Sul"},"content":{"rendered":"\n<figure class=\"wp-block-image size-full\"><img loading=\"lazy\" decoding=\"async\" width=\"897\" height=\"204\" src=\"https:\/\/radiostudiow.com.br\/site\/wp-content\/uploads\/2025\/03\/BARAO-NOVO-NOTICIAS-1.jpg\" alt=\"\" class=\"wp-image-35084\" srcset=\"https:\/\/radiostudiow.com.br\/site\/wp-content\/uploads\/2025\/03\/BARAO-NOVO-NOTICIAS-1.jpg 897w, https:\/\/radiostudiow.com.br\/site\/wp-content\/uploads\/2025\/03\/BARAO-NOVO-NOTICIAS-1-300x68.jpg 300w, https:\/\/radiostudiow.com.br\/site\/wp-content\/uploads\/2025\/03\/BARAO-NOVO-NOTICIAS-1-768x175.jpg 768w\" sizes=\"auto, (max-width: 897px) 100vw, 897px\" \/><\/figure>\n\n\n\n<p>A equipe da Pol\u00edcia Militar foi acionada via central de atendimento para verificar uma ocorr\u00eancia de viol\u00eancia dom\u00e9stica no bairro Vila Bom Jesus por volta das 23h30min dessa sexta-feira (06).<\/p>\n\n\n\n<p>Segundo informa\u00e7\u00f5es repassadas, um homem amea\u00e7aria sua companheira e familiares dentro da resid\u00eancia, possivelmente armado.<\/p>\n\n\n\n<p>Diante da gravidade da situa\u00e7\u00e3o, equipes policiais se deslocaram at\u00e9 o endere\u00e7o e solicitaram<br>apoio de outra guarni\u00e7\u00e3o para garantir a seguran\u00e7a da interven\u00e7\u00e3o. No local foi realizada a abordagem do suspeito.<\/p>\n\n\n\n<figure class=\"wp-block-image size-full\"><img loading=\"lazy\" decoding=\"async\" width=\"598\" height=\"204\" src=\"https:\/\/radiostudiow.com.br\/site\/wp-content\/uploads\/2024\/10\/labirati.png\" alt=\"\" class=\"wp-image-28854\" srcset=\"https:\/\/radiostudiow.com.br\/site\/wp-content\/uploads\/2024\/10\/labirati.png 598w, https:\/\/radiostudiow.com.br\/site\/wp-content\/uploads\/2024\/10\/labirati-300x102.png 300w\" sizes=\"auto, (max-width: 598px) 100vw, 598px\" \/><\/figure>\n\n\n\n<p>Durante a verifica\u00e7\u00e3o no interior da resid\u00eancia, foi localizada uma pistola calibre 9mm carregada e pronta para uso. A v\u00edtima relatou que vinha sofrendo amea\u00e7as de morte h\u00e1 algum tempo e temia pela pr\u00f3pria seguran\u00e7a e pela de seus filhos.<\/p>\n\n\n\n<p>Diante dos fatos, o homem recebeu voz de pris\u00e3o e foi encaminhado para avalia\u00e7\u00e3o m\u00e9di-<br>ca e, posteriormente, apresentado \u00e0 Delegacia de Pol\u00edcia Civil para os procedimentos ca-<br>b\u00edveis. As crian\u00e7as permaneceram sob os cuidados de um familiar respons\u00e1vel.<\/p>\n","protected":false},"excerpt":{"rendered":"<p>A equipe da Pol\u00edcia Militar foi acionada via central de atendimento para verificar uma ocorr\u00eancia de viol\u00eancia dom\u00e9stica no bairro Vila Bom Jesus por volta das 23h30min dessa sexta-feira (06). Segundo informa\u00e7\u00f5es repassadas, um homem amea\u00e7aria sua companheira e familiares dentro da resid\u00eancia, possivelmente armado. Diante da gravidade da situa\u00e7\u00e3o, equipes policiais se deslocaram at\u00e9 [&hellip;]<\/p>\n","protected":false},"author":2,"featured_media":48200,"comment_status":"open","ping_status":"open","sticky":false,"template":"","format":"standard","meta":{"footnotes":""},"categories":[2],"tags":[172],"class_list":["post-48199","post","type-post","status-publish","format-standard","has-post-thumbnail","hentry","category-policial","tag-featured"],"amp_enabled":true,"_links":{"self":[{"href":"https:\/\/radiostudiow.com.br\/site\/wp-json\/wp\/v2\/posts\/48199","targetHints":{"allow":["GET"]}}],"collection":[{"href":"https:\/\/radiostudiow.com.br\/site\/wp-json\/wp\/v2\/posts"}],"about":[{"href":"https:\/\/radiostudiow.com.br\/site\/wp-json\/wp\/v2\/types\/post"}],"author":[{"embeddable":true,"href":"https:\/\/radiostudiow.com.br\/site\/wp-json\/wp\/v2\/users\/2"}],"replies":[{"embeddable":true,"href":"https:\/\/radiostudiow.com.br\/site\/wp-json\/wp\/v2\/comments?post=48199"}],"version-history":[{"count":1,"href":"https:\/\/radiostudiow.com.br\/site\/wp-json\/wp\/v2\/posts\/48199\/revisions"}],"predecessor-version":[{"id":48201,"href":"https:\/\/radiostudiow.com.br\/site\/wp-json\/wp\/v2\/posts\/48199\/revisions\/48201"}],"wp:featuredmedia":[{"embeddable":true,"href":"https:\/\/radiostudiow.com.br\/site\/wp-json\/wp\/v2\/media\/48200"}],"wp:attachment":[{"href":"https:\/\/radiostudiow.com.br\/site\/wp-json\/wp\/v2\/media?parent=48199"}],"wp:term":[{"taxonomy":"category","embeddable":true,"href":"https:\/\/radiostudiow.com.br\/site\/wp-json\/wp\/v2\/categories?post=48199"},{"taxonomy":"post_tag","embeddable":true,"href":"https:\/\/radiostudiow.com.br\/site\/wp-json\/wp\/v2\/tags?post=48199"}],"curies":[{"name":"wp","href":"https:\/\/api.w.org\/{rel}","templated":true}]}}