{"id":48202,"date":"2026-03-07T09:59:21","date_gmt":"2026-03-07T12:59:21","guid":{"rendered":"https:\/\/radiostudiow.com.br\/site\/?p=48202"},"modified":"2026-03-07T09:59:22","modified_gmt":"2026-03-07T12:59:22","slug":"motocicleta-furtada-e-recuperada-pela-policia-militar-antes-mesmo-da-vitima-perceber-o-crime-em-uniao-da-vitoria","status":"publish","type":"post","link":"https:\/\/radiostudiow.com.br\/site\/2026\/03\/07\/motocicleta-furtada-e-recuperada-pela-policia-militar-antes-mesmo-da-vitima-perceber-o-crime-em-uniao-da-vitoria\/","title":{"rendered":"Motocicleta furtada \u00e9 recuperada pela Pol\u00edcia Militar antes mesmo da v\u00edtima perceber o crime em Uni\u00e3o da Vit\u00f3ria"},"content":{"rendered":"\n<figure class=\"wp-block-image size-full\"><img loading=\"lazy\" decoding=\"async\" width=\"897\" height=\"204\" src=\"https:\/\/radiostudiow.com.br\/site\/wp-content\/uploads\/2025\/03\/image-62.png\" alt=\"\" class=\"wp-image-35859\" srcset=\"https:\/\/radiostudiow.com.br\/site\/wp-content\/uploads\/2025\/03\/image-62.png 897w, https:\/\/radiostudiow.com.br\/site\/wp-content\/uploads\/2025\/03\/image-62-300x68.png 300w, https:\/\/radiostudiow.com.br\/site\/wp-content\/uploads\/2025\/03\/image-62-768x175.png 768w\" sizes=\"auto, (max-width: 897px) 100vw, 897px\" \/><\/figure>\n\n\n\n<p><\/p>\n\n\n\n<p>A equipe da Pol\u00edcia Militar de Uni\u00e3o da Vit\u00f3ria foi acionada ap\u00f3s den\u00fancia de que um homem, sem camiseta e descal\u00e7o empurrava uma motocicleta no bairro S\u00e3o Basilio Magno por volta das 20h30min dessa sexta-feira (06).<\/p>\n\n\n\n<p>Durante o patrulhamento nas proximidades a guarni\u00e7\u00e3o visualizou um homem com as mesmas caracter\u00edsticas ao lado de uma motocicleta de cor azul em via p\u00fablica. O suspeito tentou fugir, sendo acompanhado e contido alguns metros adiante.<\/p>\n\n\n\n<p>Durante a abordagem, nada de il\u00edcito foi encontrado com ele. Questionado sobre a motocicleta, o abordado n\u00e3o soube informar sua proced\u00eancia.<\/p>\n\n\n\n<figure class=\"wp-block-image size-full\"><img loading=\"lazy\" decoding=\"async\" width=\"598\" height=\"204\" src=\"https:\/\/radiostudiow.com.br\/site\/wp-content\/uploads\/2024\/01\/SITE-MEDIO.png\" alt=\"\" class=\"wp-image-18916\" srcset=\"https:\/\/radiostudiow.com.br\/site\/wp-content\/uploads\/2024\/01\/SITE-MEDIO.png 598w, https:\/\/radiostudiow.com.br\/site\/wp-content\/uploads\/2024\/01\/SITE-MEDIO-300x102.png 300w\" sizes=\"auto, (max-width: 598px) 100vw, 598px\" \/><\/figure>\n\n\n\n<p>Diante da atitude suspeita, da tentativa de fuga e da situa\u00e7\u00e3o envolvendo a motocicleta, o homem foi encaminhado apresentada na Delegacia de Pol\u00edcia Civil.<\/p>\n\n\n\n<p>Durante os procedimentos, a equipe Policial recebeu a informa\u00e7\u00f5es de que havia sido registrado um boletim de furto de motocicleta com caracter\u00edsticas compat\u00edveis.<\/p>\n\n\n\n<p>Ap\u00f3s a checagem dos dados, foi confirmado que o ve\u00edculo abordado se tratava do objeto furtado, sendo recuperado antes mesmo que a v\u00edtima percebesse a subtra\u00e7\u00e3o.<\/p>\n","protected":false},"excerpt":{"rendered":"<p>A equipe da Pol\u00edcia Militar de Uni\u00e3o da Vit\u00f3ria foi acionada ap\u00f3s den\u00fancia de que um homem, sem camiseta e descal\u00e7o empurrava uma motocicleta no bairro S\u00e3o Basilio Magno por volta das 20h30min dessa sexta-feira (06). Durante o patrulhamento nas proximidades a guarni\u00e7\u00e3o visualizou um homem com as mesmas caracter\u00edsticas ao lado de uma motocicleta [&hellip;]<\/p>\n","protected":false},"author":2,"featured_media":48203,"comment_status":"open","ping_status":"open","sticky":false,"template":"","format":"standard","meta":{"footnotes":""},"categories":[2],"tags":[172],"class_list":["post-48202","post","type-post","status-publish","format-standard","has-post-thumbnail","hentry","category-policial","tag-featured"],"amp_enabled":true,"_links":{"self":[{"href":"https:\/\/radiostudiow.com.br\/site\/wp-json\/wp\/v2\/posts\/48202","targetHints":{"allow":["GET"]}}],"collection":[{"href":"https:\/\/radiostudiow.com.br\/site\/wp-json\/wp\/v2\/posts"}],"about":[{"href":"https:\/\/radiostudiow.com.br\/site\/wp-json\/wp\/v2\/types\/post"}],"author":[{"embeddable":true,"href":"https:\/\/radiostudiow.com.br\/site\/wp-json\/wp\/v2\/users\/2"}],"replies":[{"embeddable":true,"href":"https:\/\/radiostudiow.com.br\/site\/wp-json\/wp\/v2\/comments?post=48202"}],"version-history":[{"count":1,"href":"https:\/\/radiostudiow.com.br\/site\/wp-json\/wp\/v2\/posts\/48202\/revisions"}],"predecessor-version":[{"id":48204,"href":"https:\/\/radiostudiow.com.br\/site\/wp-json\/wp\/v2\/posts\/48202\/revisions\/48204"}],"wp:featuredmedia":[{"embeddable":true,"href":"https:\/\/radiostudiow.com.br\/site\/wp-json\/wp\/v2\/media\/48203"}],"wp:attachment":[{"href":"https:\/\/radiostudiow.com.br\/site\/wp-json\/wp\/v2\/media?parent=48202"}],"wp:term":[{"taxonomy":"category","embeddable":true,"href":"https:\/\/radiostudiow.com.br\/site\/wp-json\/wp\/v2\/categories?post=48202"},{"taxonomy":"post_tag","embeddable":true,"href":"https:\/\/radiostudiow.com.br\/site\/wp-json\/wp\/v2\/tags?post=48202"}],"curies":[{"name":"wp","href":"https:\/\/api.w.org\/{rel}","templated":true}]}}