{"id":48210,"date":"2026-03-07T11:31:10","date_gmt":"2026-03-07T14:31:10","guid":{"rendered":"https:\/\/radiostudiow.com.br\/site\/?p=48210"},"modified":"2026-03-07T11:31:56","modified_gmt":"2026-03-07T14:31:56","slug":"ataque-com-faca-em-bar-de-bituruna-termina-em-morte","status":"publish","type":"post","link":"https:\/\/radiostudiow.com.br\/site\/2026\/03\/07\/ataque-com-faca-em-bar-de-bituruna-termina-em-morte\/","title":{"rendered":"Ataque com faca em bar de Bituruna termina em morte"},"content":{"rendered":"\n<p>Um&nbsp;ataque com faca em bar de Bituruna&nbsp;terminou de forma tr\u00e1gica na noite desta quinta-feira, 5, no bairro Nossa Senhora Aparecida.<\/p>\n\n\n\n<p>Segundo informa\u00e7\u00f5es iniciais, um homem identificado como\u00a0<strong>Evandro Bet<\/strong>, de 45 anos, foi atingido por golpes de arma branca enquanto estava em um estabelecimento.<\/p>\n\n\n\n<p>A situa\u00e7\u00e3o mobilizou equipes de socorro, que foram acionadas para prestar atendimento \u00e0 v\u00edtima.<\/p>\n\n\n\n<figure class=\"wp-block-image size-full\"><img loading=\"lazy\" decoding=\"async\" width=\"731\" height=\"204\" src=\"https:\/\/radiostudiow.com.br\/site\/wp-content\/uploads\/2025\/10\/ZAIONS.png\" alt=\"\" class=\"wp-image-44147\" srcset=\"https:\/\/radiostudiow.com.br\/site\/wp-content\/uploads\/2025\/10\/ZAIONS.png 731w, https:\/\/radiostudiow.com.br\/site\/wp-content\/uploads\/2025\/10\/ZAIONS-300x84.png 300w\" sizes=\"auto, (max-width: 731px) 100vw, 731px\" \/><\/figure>\n\n\n\n<h3 class=\"wp-block-heading\">V\u00edtima foi socorrida e transferida<\/h3>\n\n\n\n<p>Ap\u00f3s o\u00a0ataque com faca em bar de Bituruna, o homem foi encaminhado ao Hospital S\u00e3o Vicente de Paula, onde recebeu os primeiros atendimentos m\u00e9dicos.<\/p>\n\n\n\n<p>Devido \u00e0 gravidade dos ferimentos, a equipe m\u00e9dica decidiu transferir a v\u00edtima para um hospital em Uni\u00e3o da Vit\u00f3ria, onde continuou recebendo atendimento especializado.<\/p>\n\n\n\n<p>Por\u00e9m, homem n\u00e3o resistiu aos ferimentos e morreu ap\u00f3s dar entrada na unidade hospitalar.<\/p>\n\n\n\n<p>As circunst\u00e2ncias do\u00a0ataque\u00a0ainda dever\u00e3o ser investigadas pelas autoridades.<\/p>\n\n\n\n<figure class=\"wp-block-gallery has-nested-images columns-default is-cropped wp-block-gallery-1 is-layout-flex wp-block-gallery-is-layout-flex\">\n<figure class=\"wp-block-image size-large\"><img loading=\"lazy\" decoding=\"async\" width=\"300\" height=\"180\" data-id=\"47110\" src=\"https:\/\/radiostudiow.com.br\/site\/wp-content\/uploads\/2026\/01\/EXTREME.png\" alt=\"\" class=\"wp-image-47110\"\/><\/figure>\n\n\n\n<figure class=\"wp-block-image size-large\"><img loading=\"lazy\" decoding=\"async\" width=\"300\" height=\"180\" data-id=\"38014\" src=\"https:\/\/radiostudiow.com.br\/site\/wp-content\/uploads\/2025\/05\/VANE.png\" alt=\"\" class=\"wp-image-38014\"\/><\/figure>\n<\/figure>\n\n\n\n<h2 class=\"wp-block-heading\">Comunidade lamenta a morte<\/h2>\n\n\n\n<p>Ap\u00f3s a confirma\u00e7\u00e3o da identidade da v\u00edtima, familiares e amigos come\u00e7aram a prestar homenagens nas redes sociais. A morte de Evandro Bet causou grande como\u00e7\u00e3o entre familiares, amigos e moradores da regi\u00e3o.<\/p>\n\n\n\n<figure class=\"wp-block-image size-full\"><img decoding=\"async\" src=\"https:\/\/radiostudiow.com.br\/site\/wp-content\/uploads\/2026\/03\/image-14.png\" alt=\"\" class=\"wp-image-48211\"\/><\/figure>\n","protected":false},"excerpt":{"rendered":"<p>Um&nbsp;ataque com faca em bar de Bituruna&nbsp;terminou de forma tr\u00e1gica na noite desta quinta-feira, 5, no bairro Nossa Senhora Aparecida. Segundo informa\u00e7\u00f5es iniciais, um homem identificado como\u00a0Evandro Bet, de 45 anos, foi atingido por golpes de arma branca enquanto estava em um estabelecimento. A situa\u00e7\u00e3o mobilizou equipes de socorro, que foram acionadas para prestar atendimento [&hellip;]<\/p>\n","protected":false},"author":2,"featured_media":48211,"comment_status":"open","ping_status":"open","sticky":false,"template":"","format":"standard","meta":{"footnotes":""},"categories":[2],"tags":[],"class_list":["post-48210","post","type-post","status-publish","format-standard","has-post-thumbnail","hentry","category-policial"],"amp_enabled":true,"_links":{"self":[{"href":"https:\/\/radiostudiow.com.br\/site\/wp-json\/wp\/v2\/posts\/48210","targetHints":{"allow":["GET"]}}],"collection":[{"href":"https:\/\/radiostudiow.com.br\/site\/wp-json\/wp\/v2\/posts"}],"about":[{"href":"https:\/\/radiostudiow.com.br\/site\/wp-json\/wp\/v2\/types\/post"}],"author":[{"embeddable":true,"href":"https:\/\/radiostudiow.com.br\/site\/wp-json\/wp\/v2\/users\/2"}],"replies":[{"embeddable":true,"href":"https:\/\/radiostudiow.com.br\/site\/wp-json\/wp\/v2\/comments?post=48210"}],"version-history":[{"count":2,"href":"https:\/\/radiostudiow.com.br\/site\/wp-json\/wp\/v2\/posts\/48210\/revisions"}],"predecessor-version":[{"id":48213,"href":"https:\/\/radiostudiow.com.br\/site\/wp-json\/wp\/v2\/posts\/48210\/revisions\/48213"}],"wp:featuredmedia":[{"embeddable":true,"href":"https:\/\/radiostudiow.com.br\/site\/wp-json\/wp\/v2\/media\/48211"}],"wp:attachment":[{"href":"https:\/\/radiostudiow.com.br\/site\/wp-json\/wp\/v2\/media?parent=48210"}],"wp:term":[{"taxonomy":"category","embeddable":true,"href":"https:\/\/radiostudiow.com.br\/site\/wp-json\/wp\/v2\/categories?post=48210"},{"taxonomy":"post_tag","embeddable":true,"href":"https:\/\/radiostudiow.com.br\/site\/wp-json\/wp\/v2\/tags?post=48210"}],"curies":[{"name":"wp","href":"https:\/\/api.w.org\/{rel}","templated":true}]}}