{"id":48241,"date":"2026-03-09T11:56:24","date_gmt":"2026-03-09T14:56:24","guid":{"rendered":"https:\/\/radiostudiow.com.br\/site\/?p=48241"},"modified":"2026-03-09T11:56:25","modified_gmt":"2026-03-09T14:56:25","slug":"policia-militar-prende-autor-de-furto-de-carga-em-general-carneiro","status":"publish","type":"post","link":"https:\/\/radiostudiow.com.br\/site\/2026\/03\/09\/policia-militar-prende-autor-de-furto-de-carga-em-general-carneiro\/","title":{"rendered":"Pol\u00edcia Militar prende autor de furto de carga em General Carneiro"},"content":{"rendered":"\n<figure class=\"wp-block-image size-full\"><img loading=\"lazy\" decoding=\"async\" width=\"731\" height=\"204\" src=\"https:\/\/radiostudiow.com.br\/site\/wp-content\/uploads\/2025\/10\/ZAIONS.png\" alt=\"\" class=\"wp-image-44147\" srcset=\"https:\/\/radiostudiow.com.br\/site\/wp-content\/uploads\/2025\/10\/ZAIONS.png 731w, https:\/\/radiostudiow.com.br\/site\/wp-content\/uploads\/2025\/10\/ZAIONS-300x84.png 300w\" sizes=\"auto, (max-width: 731px) 100vw, 731px\" \/><\/figure>\n\n\n\n<p>A equipe da Pol\u00edcia Militar de General Carneiro realizava o patrulhamento pelo bairro S\u00e3o Jo\u00e3o quando tomou conhecimento acerca de uma sa\u00edda de pista envolvendo um caminh\u00e3o na rodovia BR-153 por volta das 20h10min desse domingo (08).<\/p>\n\n\n\n<p>Diante da situa\u00e7\u00e3o deslocou-se at\u00e9 o local com o intuito de evitar poss\u00edveis saques de carga. Posteriormente foi realizado o patrulhamento, onde foi logrado \u00eaxito em localizar um ve\u00edculo o qual havia realizado furto de uma parte da carga<\/p>\n\n\n\n<p>Sendo conduzido o autor e apreens\u00e3o da mercadoria para demais provid\u00eancias.<\/p>\n\n\n\n<figure class=\"wp-block-gallery has-nested-images columns-default is-cropped wp-block-gallery-1 is-layout-flex wp-block-gallery-is-layout-flex\">\n<figure class=\"wp-block-image size-large\"><img loading=\"lazy\" decoding=\"async\" width=\"1024\" height=\"614\" data-id=\"45321\" src=\"https:\/\/radiostudiow.com.br\/site\/wp-content\/uploads\/2025\/12\/SITES-PEQUENO-GRANDE-1024x614.png\" alt=\"\" class=\"wp-image-45321\" srcset=\"https:\/\/radiostudiow.com.br\/site\/wp-content\/uploads\/2025\/12\/SITES-PEQUENO-GRANDE-1024x614.png 1024w, https:\/\/radiostudiow.com.br\/site\/wp-content\/uploads\/2025\/12\/SITES-PEQUENO-GRANDE-300x180.png 300w, https:\/\/radiostudiow.com.br\/site\/wp-content\/uploads\/2025\/12\/SITES-PEQUENO-GRANDE-768x461.png 768w, https:\/\/radiostudiow.com.br\/site\/wp-content\/uploads\/2025\/12\/SITES-PEQUENO-GRANDE-1536x921.png 1536w, https:\/\/radiostudiow.com.br\/site\/wp-content\/uploads\/2025\/12\/SITES-PEQUENO-GRANDE-1000x600.png 1000w, https:\/\/radiostudiow.com.br\/site\/wp-content\/uploads\/2025\/12\/SITES-PEQUENO-GRANDE-590x354.png 590w, https:\/\/radiostudiow.com.br\/site\/wp-content\/uploads\/2025\/12\/SITES-PEQUENO-GRANDE-400x240.png 400w, https:\/\/radiostudiow.com.br\/site\/wp-content\/uploads\/2025\/12\/SITES-PEQUENO-GRANDE.png 1672w\" sizes=\"auto, (max-width: 1024px) 100vw, 1024px\" \/><\/figure>\n\n\n\n<figure class=\"wp-block-image size-large\"><img loading=\"lazy\" decoding=\"async\" width=\"300\" height=\"180\" data-id=\"39582\" src=\"https:\/\/radiostudiow.com.br\/site\/wp-content\/uploads\/2025\/06\/PLAY-HALL.png\" alt=\"\" class=\"wp-image-39582\"\/><\/figure>\n<\/figure>\n","protected":false},"excerpt":{"rendered":"<p>A equipe da Pol\u00edcia Militar de General Carneiro realizava o patrulhamento pelo bairro S\u00e3o Jo\u00e3o quando tomou conhecimento acerca de uma sa\u00edda de pista envolvendo um caminh\u00e3o na rodovia BR-153 por volta das 20h10min desse domingo (08). Diante da situa\u00e7\u00e3o deslocou-se at\u00e9 o local com o intuito de evitar poss\u00edveis saques de carga. Posteriormente foi [&hellip;]<\/p>\n","protected":false},"author":2,"featured_media":48242,"comment_status":"open","ping_status":"open","sticky":false,"template":"","format":"standard","meta":{"footnotes":""},"categories":[2],"tags":[172],"class_list":["post-48241","post","type-post","status-publish","format-standard","has-post-thumbnail","hentry","category-policial","tag-featured"],"amp_enabled":true,"_links":{"self":[{"href":"https:\/\/radiostudiow.com.br\/site\/wp-json\/wp\/v2\/posts\/48241","targetHints":{"allow":["GET"]}}],"collection":[{"href":"https:\/\/radiostudiow.com.br\/site\/wp-json\/wp\/v2\/posts"}],"about":[{"href":"https:\/\/radiostudiow.com.br\/site\/wp-json\/wp\/v2\/types\/post"}],"author":[{"embeddable":true,"href":"https:\/\/radiostudiow.com.br\/site\/wp-json\/wp\/v2\/users\/2"}],"replies":[{"embeddable":true,"href":"https:\/\/radiostudiow.com.br\/site\/wp-json\/wp\/v2\/comments?post=48241"}],"version-history":[{"count":1,"href":"https:\/\/radiostudiow.com.br\/site\/wp-json\/wp\/v2\/posts\/48241\/revisions"}],"predecessor-version":[{"id":48243,"href":"https:\/\/radiostudiow.com.br\/site\/wp-json\/wp\/v2\/posts\/48241\/revisions\/48243"}],"wp:featuredmedia":[{"embeddable":true,"href":"https:\/\/radiostudiow.com.br\/site\/wp-json\/wp\/v2\/media\/48242"}],"wp:attachment":[{"href":"https:\/\/radiostudiow.com.br\/site\/wp-json\/wp\/v2\/media?parent=48241"}],"wp:term":[{"taxonomy":"category","embeddable":true,"href":"https:\/\/radiostudiow.com.br\/site\/wp-json\/wp\/v2\/categories?post=48241"},{"taxonomy":"post_tag","embeddable":true,"href":"https:\/\/radiostudiow.com.br\/site\/wp-json\/wp\/v2\/tags?post=48241"}],"curies":[{"name":"wp","href":"https:\/\/api.w.org\/{rel}","templated":true}]}}