{"id":48244,"date":"2026-03-09T12:04:23","date_gmt":"2026-03-09T15:04:23","guid":{"rendered":"https:\/\/radiostudiow.com.br\/site\/?p=48244"},"modified":"2026-03-09T12:08:42","modified_gmt":"2026-03-09T15:08:42","slug":"policia-militar-de-paula-freitas-prende-autor-de-trafico-de-drogas","status":"publish","type":"post","link":"https:\/\/radiostudiow.com.br\/site\/2026\/03\/09\/policia-militar-de-paula-freitas-prende-autor-de-trafico-de-drogas\/","title":{"rendered":"Pol\u00edcia Militar de Paula Freitas prende autor de tr\u00e1fico de drogas"},"content":{"rendered":"\n<figure class=\"wp-block-image size-full\"><img loading=\"lazy\" decoding=\"async\" width=\"731\" height=\"246\" src=\"https:\/\/radiostudiow.com.br\/site\/wp-content\/uploads\/2026\/01\/VITALY.png\" alt=\"\" class=\"wp-image-46547\" srcset=\"https:\/\/radiostudiow.com.br\/site\/wp-content\/uploads\/2026\/01\/VITALY.png 731w, https:\/\/radiostudiow.com.br\/site\/wp-content\/uploads\/2026\/01\/VITALY-300x101.png 300w\" sizes=\"auto, (max-width: 731px) 100vw, 731px\" \/><\/figure>\n\n\n\n<p><br>Ap\u00f3s levantamento de informa\u00e7\u00f5es sobre poss\u00edvel comercializa\u00e7\u00e3o de entorpecentes em uma resid\u00eancia na \u00e1rea central, a equipe da Pol\u00edcia Militar de Paula Freitas se deslocou at\u00e9 o endere\u00e7o para averigua\u00e7\u00e3o por volta das 09 horas desse domingo (08).<\/p>\n\n\n\n<p>No local, foram abordados dois indiv\u00edduos, sendo localizada uma embalagem pl\u00e1stica contendo 11,1g de subst\u00e2ncia an\u00e1loga \u00e0 coca\u00edna, al\u00e9m de uma balan\u00e7a de precis\u00e3o.<\/p>\n\n\n\n<p>Diante dos fatos, os autores e os objetos apreendidos foram encaminhados \u00e0 Delegacia de Pol\u00edcia Civil para os procedimentos legais cab\u00edveis.<\/p>\n\n\n\n<figure class=\"wp-block-gallery has-nested-images columns-default is-cropped wp-block-gallery-1 is-layout-flex wp-block-gallery-is-layout-flex\">\n<figure class=\"wp-block-image size-large\"><img loading=\"lazy\" decoding=\"async\" width=\"300\" height=\"180\" data-id=\"47110\" src=\"https:\/\/radiostudiow.com.br\/site\/wp-content\/uploads\/2026\/01\/EXTREME.png\" alt=\"\" class=\"wp-image-47110\"\/><\/figure>\n\n\n\n<figure class=\"wp-block-image size-large\"><img decoding=\"async\" data-id=\"44123\" src=\"https:\/\/radiostudiow.com.br\/site\/wp-content\/uploads\/2025\/10\/SUPREMA-BARBA.png\" alt=\"\" class=\"wp-image-44123\"\/><\/figure>\n<\/figure>\n","protected":false},"excerpt":{"rendered":"<p>Ap\u00f3s levantamento de informa\u00e7\u00f5es sobre poss\u00edvel comercializa\u00e7\u00e3o de entorpecentes em uma resid\u00eancia na \u00e1rea central, a equipe da Pol\u00edcia Militar de Paula Freitas se deslocou at\u00e9 o endere\u00e7o para averigua\u00e7\u00e3o por volta das 09 horas desse domingo (08). No local, foram abordados dois indiv\u00edduos, sendo localizada uma embalagem pl\u00e1stica contendo 11,1g de subst\u00e2ncia an\u00e1loga \u00e0 [&hellip;]<\/p>\n","protected":false},"author":2,"featured_media":48245,"comment_status":"open","ping_status":"open","sticky":false,"template":"","format":"standard","meta":{"footnotes":""},"categories":[2],"tags":[172],"class_list":["post-48244","post","type-post","status-publish","format-standard","has-post-thumbnail","hentry","category-policial","tag-featured"],"amp_enabled":true,"_links":{"self":[{"href":"https:\/\/radiostudiow.com.br\/site\/wp-json\/wp\/v2\/posts\/48244","targetHints":{"allow":["GET"]}}],"collection":[{"href":"https:\/\/radiostudiow.com.br\/site\/wp-json\/wp\/v2\/posts"}],"about":[{"href":"https:\/\/radiostudiow.com.br\/site\/wp-json\/wp\/v2\/types\/post"}],"author":[{"embeddable":true,"href":"https:\/\/radiostudiow.com.br\/site\/wp-json\/wp\/v2\/users\/2"}],"replies":[{"embeddable":true,"href":"https:\/\/radiostudiow.com.br\/site\/wp-json\/wp\/v2\/comments?post=48244"}],"version-history":[{"count":2,"href":"https:\/\/radiostudiow.com.br\/site\/wp-json\/wp\/v2\/posts\/48244\/revisions"}],"predecessor-version":[{"id":48254,"href":"https:\/\/radiostudiow.com.br\/site\/wp-json\/wp\/v2\/posts\/48244\/revisions\/48254"}],"wp:featuredmedia":[{"embeddable":true,"href":"https:\/\/radiostudiow.com.br\/site\/wp-json\/wp\/v2\/media\/48245"}],"wp:attachment":[{"href":"https:\/\/radiostudiow.com.br\/site\/wp-json\/wp\/v2\/media?parent=48244"}],"wp:term":[{"taxonomy":"category","embeddable":true,"href":"https:\/\/radiostudiow.com.br\/site\/wp-json\/wp\/v2\/categories?post=48244"},{"taxonomy":"post_tag","embeddable":true,"href":"https:\/\/radiostudiow.com.br\/site\/wp-json\/wp\/v2\/tags?post=48244"}],"curies":[{"name":"wp","href":"https:\/\/api.w.org\/{rel}","templated":true}]}}