{"id":48250,"date":"2026-03-09T21:06:46","date_gmt":"2026-03-10T00:06:46","guid":{"rendered":"https:\/\/radiostudiow.com.br\/site\/?p=48250"},"modified":"2026-03-09T21:06:47","modified_gmt":"2026-03-10T00:06:47","slug":"homem-e-ferido-com-faca-apos-discussao-com-esposa-em-antonio-olinto","status":"publish","type":"post","link":"https:\/\/radiostudiow.com.br\/site\/2026\/03\/09\/homem-e-ferido-com-faca-apos-discussao-com-esposa-em-antonio-olinto\/","title":{"rendered":"Homem \u00e9 ferido com faca ap\u00f3s discuss\u00e3o com esposa em Ant\u00f4nio Olinto"},"content":{"rendered":"\n<figure class=\"wp-block-gallery has-nested-images columns-default is-cropped wp-block-gallery-1 is-layout-flex wp-block-gallery-is-layout-flex\">\n<figure class=\"wp-block-image size-large\"><img loading=\"lazy\" decoding=\"async\" width=\"300\" height=\"180\" data-id=\"39582\" src=\"https:\/\/radiostudiow.com.br\/site\/wp-content\/uploads\/2025\/06\/PLAY-HALL.png\" alt=\"\" class=\"wp-image-39582\"\/><\/figure>\n\n\n\n<figure class=\"wp-block-image size-large\"><img decoding=\"async\" data-id=\"44123\" src=\"https:\/\/radiostudiow.com.br\/site\/wp-content\/uploads\/2025\/10\/SUPREMA-BARBA.png\" alt=\"\" class=\"wp-image-44123\"\/><\/figure>\n<\/figure>\n\n\n\n<p>A equipe da Pol\u00edcia Militar de Ant\u00f4nio Olinto foi acionada para averiguar uma situa\u00e7\u00e3o de esfaqueamento ocorrida na regi\u00e3o da Lagoa da Cruz por volta das 10h40min desse domingo (08).<\/p>\n\n\n\n<p>Durante o deslocamento, a equipe recebeu a informa\u00e7\u00e3o de que a v\u00edtima j\u00e1 havia sido encaminhada<br>ao hospital municipal para atendimento m\u00e9dico.<\/p>\n\n\n\n<p>No hospital, em contato com a v\u00edtima, esta relatou que momentos antes havia se envolvido em uma discuss\u00e3o com sua esposa.<\/p>\n\n\n\n<p>Segundo o relato, durante a discuss\u00e3o a autora passou a acus\u00e1-lo de ser respons\u00e1vel pela pris\u00e3o de um conhecido do casal.<\/p>\n\n\n\n<figure class=\"wp-block-image size-full\"><img loading=\"lazy\" decoding=\"async\" width=\"731\" height=\"246\" src=\"https:\/\/radiostudiow.com.br\/site\/wp-content\/uploads\/2026\/01\/VITALY.png\" alt=\"\" class=\"wp-image-46547\" srcset=\"https:\/\/radiostudiow.com.br\/site\/wp-content\/uploads\/2026\/01\/VITALY.png 731w, https:\/\/radiostudiow.com.br\/site\/wp-content\/uploads\/2026\/01\/VITALY-300x101.png 300w\" sizes=\"auto, (max-width: 731px) 100vw, 731px\" \/><\/figure>\n\n\n\n<p>Em meio ao desentendimento, a mulher teria desferido um golpe de faca contra o bra\u00e7o da v\u00edtima, causando ferimento que necessitou de atendimento m\u00e9dico.<\/p>\n\n\n\n<p>A v\u00edtima informou \u00e0 equipe que n\u00e3o possui interesse em representar criminalmente contra a autora, afirmando que j\u00e1 havia perdoado o ocorrido e que desejava apenas retornar para sua resid\u00eancia.<\/p>\n\n\n\n<p>A equipe policial realizou dilig\u00eancias na tentativa de localizar a autora, por\u00e9m ela n\u00e3o foi localizada at\u00e9 o momento.<\/p>\n\n\n\n<p>Diante da constata\u00e7\u00e3o de les\u00e3o, foi confeccionado o boletim de ocorr\u00eancia e a v\u00edtima foi orientada quanto aos seus direitos, inclusive quanto \u00e0 possibilidade de representa\u00e7\u00e3o posterior.<\/p>\n","protected":false},"excerpt":{"rendered":"<p>A equipe da Pol\u00edcia Militar de Ant\u00f4nio Olinto foi acionada para averiguar uma situa\u00e7\u00e3o de esfaqueamento ocorrida na regi\u00e3o da Lagoa da Cruz por volta das 10h40min desse domingo (08). Durante o deslocamento, a equipe recebeu a informa\u00e7\u00e3o de que a v\u00edtima j\u00e1 havia sido encaminhadaao hospital municipal para atendimento m\u00e9dico. No hospital, em contato [&hellip;]<\/p>\n","protected":false},"author":2,"featured_media":32317,"comment_status":"open","ping_status":"open","sticky":false,"template":"","format":"standard","meta":{"footnotes":""},"categories":[2],"tags":[172],"class_list":["post-48250","post","type-post","status-publish","format-standard","has-post-thumbnail","hentry","category-policial","tag-featured"],"amp_enabled":true,"_links":{"self":[{"href":"https:\/\/radiostudiow.com.br\/site\/wp-json\/wp\/v2\/posts\/48250","targetHints":{"allow":["GET"]}}],"collection":[{"href":"https:\/\/radiostudiow.com.br\/site\/wp-json\/wp\/v2\/posts"}],"about":[{"href":"https:\/\/radiostudiow.com.br\/site\/wp-json\/wp\/v2\/types\/post"}],"author":[{"embeddable":true,"href":"https:\/\/radiostudiow.com.br\/site\/wp-json\/wp\/v2\/users\/2"}],"replies":[{"embeddable":true,"href":"https:\/\/radiostudiow.com.br\/site\/wp-json\/wp\/v2\/comments?post=48250"}],"version-history":[{"count":2,"href":"https:\/\/radiostudiow.com.br\/site\/wp-json\/wp\/v2\/posts\/48250\/revisions"}],"predecessor-version":[{"id":48264,"href":"https:\/\/radiostudiow.com.br\/site\/wp-json\/wp\/v2\/posts\/48250\/revisions\/48264"}],"wp:featuredmedia":[{"embeddable":true,"href":"https:\/\/radiostudiow.com.br\/site\/wp-json\/wp\/v2\/media\/32317"}],"wp:attachment":[{"href":"https:\/\/radiostudiow.com.br\/site\/wp-json\/wp\/v2\/media?parent=48250"}],"wp:term":[{"taxonomy":"category","embeddable":true,"href":"https:\/\/radiostudiow.com.br\/site\/wp-json\/wp\/v2\/categories?post=48250"},{"taxonomy":"post_tag","embeddable":true,"href":"https:\/\/radiostudiow.com.br\/site\/wp-json\/wp\/v2\/tags?post=48250"}],"curies":[{"name":"wp","href":"https:\/\/api.w.org\/{rel}","templated":true}]}}