{"id":48267,"date":"2026-03-10T09:28:19","date_gmt":"2026-03-10T12:28:19","guid":{"rendered":"https:\/\/radiostudiow.com.br\/site\/?p=48267"},"modified":"2026-03-10T09:28:20","modified_gmt":"2026-03-10T12:28:20","slug":"policia-militar-prende-homem-por-saque-de-carga-apos-tombamento-de-caminhao-na-br-153-em-general-carneiro","status":"publish","type":"post","link":"https:\/\/radiostudiow.com.br\/site\/2026\/03\/10\/policia-militar-prende-homem-por-saque-de-carga-apos-tombamento-de-caminhao-na-br-153-em-general-carneiro\/","title":{"rendered":"Pol\u00edcia Militar prende homem por saque de carga ap\u00f3s tombamento de caminh\u00e3o na BR-153 em General Carneiro"},"content":{"rendered":"\n<figure class=\"wp-block-image size-full\"><img loading=\"lazy\" decoding=\"async\" width=\"897\" height=\"204\" src=\"https:\/\/radiostudiow.com.br\/site\/wp-content\/uploads\/2025\/03\/image-62.png\" alt=\"\" class=\"wp-image-35859\" srcset=\"https:\/\/radiostudiow.com.br\/site\/wp-content\/uploads\/2025\/03\/image-62.png 897w, https:\/\/radiostudiow.com.br\/site\/wp-content\/uploads\/2025\/03\/image-62-300x68.png 300w, https:\/\/radiostudiow.com.br\/site\/wp-content\/uploads\/2025\/03\/image-62-768x175.png 768w\" sizes=\"auto, (max-width: 897px) 100vw, 897px\" \/><\/figure>\n\n\n\n<p><br>A equipe da Pol\u00edcia Militar de General Carneiro foi informada por populares por volta das 18 horas dessa segunda-feira (09), de que indiv\u00edduos estariam saqueando a carga de um caminh\u00e3o que havia tombado na noite de domingo (08).<\/p>\n\n\n\n<p>No local, foi flagrado cerca de cinco pessoas retirando produtos do ve\u00edculo acidentado. Ao perceberem a presen\u00e7a da viatura, os suspeitos fugiram em dois ve\u00edculos.<\/p>\n\n\n\n<p>Um deles tentou escapar a p\u00e9 em dire\u00e7\u00e3o a uma \u00e1rea de mata, mas foi alcan\u00e7ado e detido pela equipe. Com o abordado foram localizadas caixas de bebida l\u00e1ctea retiradas da carga do caminh\u00e3o.<\/p>\n\n\n\n<p>Ele recebeu voz de pris\u00e3o e foi encaminhado \u00e0 4\u00aa Subdivis\u00e3o Policial para os procedimentos legais.<\/p>\n\n\n\n<figure class=\"wp-block-image size-full\"><img loading=\"lazy\" decoding=\"async\" width=\"598\" height=\"204\" src=\"https:\/\/radiostudiow.com.br\/site\/wp-content\/uploads\/2024\/01\/SITE-MEDIO.png\" alt=\"\" class=\"wp-image-18916\" srcset=\"https:\/\/radiostudiow.com.br\/site\/wp-content\/uploads\/2024\/01\/SITE-MEDIO.png 598w, https:\/\/radiostudiow.com.br\/site\/wp-content\/uploads\/2024\/01\/SITE-MEDIO-300x102.png 300w\" sizes=\"auto, (max-width: 598px) 100vw, 598px\" \/><\/figure>\n","protected":false},"excerpt":{"rendered":"<p>A equipe da Pol\u00edcia Militar de General Carneiro foi informada por populares por volta das 18 horas dessa segunda-feira (09), de que indiv\u00edduos estariam saqueando a carga de um caminh\u00e3o que havia tombado na noite de domingo (08). No local, foi flagrado cerca de cinco pessoas retirando produtos do ve\u00edculo acidentado. Ao perceberem a presen\u00e7a [&hellip;]<\/p>\n","protected":false},"author":2,"featured_media":48268,"comment_status":"open","ping_status":"open","sticky":false,"template":"","format":"standard","meta":{"footnotes":""},"categories":[2],"tags":[172],"class_list":["post-48267","post","type-post","status-publish","format-standard","has-post-thumbnail","hentry","category-policial","tag-featured"],"amp_enabled":true,"_links":{"self":[{"href":"https:\/\/radiostudiow.com.br\/site\/wp-json\/wp\/v2\/posts\/48267","targetHints":{"allow":["GET"]}}],"collection":[{"href":"https:\/\/radiostudiow.com.br\/site\/wp-json\/wp\/v2\/posts"}],"about":[{"href":"https:\/\/radiostudiow.com.br\/site\/wp-json\/wp\/v2\/types\/post"}],"author":[{"embeddable":true,"href":"https:\/\/radiostudiow.com.br\/site\/wp-json\/wp\/v2\/users\/2"}],"replies":[{"embeddable":true,"href":"https:\/\/radiostudiow.com.br\/site\/wp-json\/wp\/v2\/comments?post=48267"}],"version-history":[{"count":1,"href":"https:\/\/radiostudiow.com.br\/site\/wp-json\/wp\/v2\/posts\/48267\/revisions"}],"predecessor-version":[{"id":48269,"href":"https:\/\/radiostudiow.com.br\/site\/wp-json\/wp\/v2\/posts\/48267\/revisions\/48269"}],"wp:featuredmedia":[{"embeddable":true,"href":"https:\/\/radiostudiow.com.br\/site\/wp-json\/wp\/v2\/media\/48268"}],"wp:attachment":[{"href":"https:\/\/radiostudiow.com.br\/site\/wp-json\/wp\/v2\/media?parent=48267"}],"wp:term":[{"taxonomy":"category","embeddable":true,"href":"https:\/\/radiostudiow.com.br\/site\/wp-json\/wp\/v2\/categories?post=48267"},{"taxonomy":"post_tag","embeddable":true,"href":"https:\/\/radiostudiow.com.br\/site\/wp-json\/wp\/v2\/tags?post=48267"}],"curies":[{"name":"wp","href":"https:\/\/api.w.org\/{rel}","templated":true}]}}