{"id":48271,"date":"2026-03-10T09:50:35","date_gmt":"2026-03-10T12:50:35","guid":{"rendered":"https:\/\/radiostudiow.com.br\/site\/?p=48271"},"modified":"2026-03-10T09:50:36","modified_gmt":"2026-03-10T12:50:36","slug":"homem-com-mandado-por-trafico-de-drogas-e-preso-pela-policia-militar-em-rio-azul","status":"publish","type":"post","link":"https:\/\/radiostudiow.com.br\/site\/2026\/03\/10\/homem-com-mandado-por-trafico-de-drogas-e-preso-pela-policia-militar-em-rio-azul\/","title":{"rendered":"Homem com mandado por tr\u00e1fico de drogas \u00e9 preso pela Pol\u00edcia Militar em Rio Azul"},"content":{"rendered":"\n<figure class=\"wp-block-image size-full\"><img loading=\"lazy\" decoding=\"async\" width=\"731\" height=\"246\" src=\"https:\/\/radiostudiow.com.br\/site\/wp-content\/uploads\/2026\/01\/VITALY.png\" alt=\"\" class=\"wp-image-46547\" srcset=\"https:\/\/radiostudiow.com.br\/site\/wp-content\/uploads\/2026\/01\/VITALY.png 731w, https:\/\/radiostudiow.com.br\/site\/wp-content\/uploads\/2026\/01\/VITALY-300x101.png 300w\" sizes=\"auto, (max-width: 731px) 100vw, 731px\" \/><\/figure>\n\n\n\n<p>Um homem com\u00a0mandado de pris\u00e3o em aberto\u00a0foi preso pela\u00a0Pol\u00edcia Militar de\u00a0Rio Azul por volta das\u00a020h15min da noite de s\u00e1bado (07).<\/p>\n\n\n\n<p>De acordo com informa\u00e7\u00f5es da pol\u00edcia, a equipe realizava\u00a0patrulhamento pelo bairro Vila Feliz\u00a0quando visualizou um indiv\u00edduo j\u00e1 conhecido pelos policiais por possuir\u00a0mandado de pris\u00e3o em aberto pelo artigo 33 da Lei de Drogas, que trata do crime de\u00a0tr\u00e1fico de entorpecentes.<\/p>\n\n\n\n<p>Diante da situa\u00e7\u00e3o, os policiais realizaram a\u00a0abordagem do suspeito, confirmando a ordem judicial. O homem recebeu voz de pris\u00e3o e foi\u00a0encaminhado e entregue ao Departamento de Pol\u00edcia Penal (DEPEN), onde permanece \u00e0 disposi\u00e7\u00e3o da Justi\u00e7a.<\/p>\n\n\n\n<p>A a\u00e7\u00e3o faz parte do trabalho de patrulhamento e combate \u00e0 criminalidade realizado pela Pol\u00edcia Militar no munic\u00edpio.<\/p>\n\n\n\n<figure class=\"wp-block-gallery has-nested-images columns-default is-cropped wp-block-gallery-1 is-layout-flex wp-block-gallery-is-layout-flex\">\n<figure class=\"wp-block-image size-large\"><img decoding=\"async\" data-id=\"44123\" src=\"https:\/\/radiostudiow.com.br\/site\/wp-content\/uploads\/2025\/10\/SUPREMA-BARBA.png\" alt=\"\" class=\"wp-image-44123\"\/><\/figure>\n\n\n\n<figure class=\"wp-block-image size-large\"><img loading=\"lazy\" decoding=\"async\" width=\"300\" height=\"180\" data-id=\"37219\" src=\"https:\/\/radiostudiow.com.br\/site\/wp-content\/uploads\/2025\/04\/AGRODU.png\" alt=\"\" class=\"wp-image-37219\"\/><\/figure>\n<\/figure>\n\n\n\n<p class=\"has-text-align-center\"><em>Fonte: Pol\u00edcia Militar<\/em><\/p>\n","protected":false},"excerpt":{"rendered":"<p>Um homem com\u00a0mandado de pris\u00e3o em aberto\u00a0foi preso pela\u00a0Pol\u00edcia Militar de\u00a0Rio Azul por volta das\u00a020h15min da noite de s\u00e1bado (07). De acordo com informa\u00e7\u00f5es da pol\u00edcia, a equipe realizava\u00a0patrulhamento pelo bairro Vila Feliz\u00a0quando visualizou um indiv\u00edduo j\u00e1 conhecido pelos policiais por possuir\u00a0mandado de pris\u00e3o em aberto pelo artigo 33 da Lei de Drogas, que trata [&hellip;]<\/p>\n","protected":false},"author":2,"featured_media":35305,"comment_status":"open","ping_status":"open","sticky":false,"template":"","format":"standard","meta":{"footnotes":""},"categories":[2],"tags":[172],"class_list":["post-48271","post","type-post","status-publish","format-standard","has-post-thumbnail","hentry","category-policial","tag-featured"],"amp_enabled":true,"_links":{"self":[{"href":"https:\/\/radiostudiow.com.br\/site\/wp-json\/wp\/v2\/posts\/48271","targetHints":{"allow":["GET"]}}],"collection":[{"href":"https:\/\/radiostudiow.com.br\/site\/wp-json\/wp\/v2\/posts"}],"about":[{"href":"https:\/\/radiostudiow.com.br\/site\/wp-json\/wp\/v2\/types\/post"}],"author":[{"embeddable":true,"href":"https:\/\/radiostudiow.com.br\/site\/wp-json\/wp\/v2\/users\/2"}],"replies":[{"embeddable":true,"href":"https:\/\/radiostudiow.com.br\/site\/wp-json\/wp\/v2\/comments?post=48271"}],"version-history":[{"count":2,"href":"https:\/\/radiostudiow.com.br\/site\/wp-json\/wp\/v2\/posts\/48271\/revisions"}],"predecessor-version":[{"id":48273,"href":"https:\/\/radiostudiow.com.br\/site\/wp-json\/wp\/v2\/posts\/48271\/revisions\/48273"}],"wp:featuredmedia":[{"embeddable":true,"href":"https:\/\/radiostudiow.com.br\/site\/wp-json\/wp\/v2\/media\/35305"}],"wp:attachment":[{"href":"https:\/\/radiostudiow.com.br\/site\/wp-json\/wp\/v2\/media?parent=48271"}],"wp:term":[{"taxonomy":"category","embeddable":true,"href":"https:\/\/radiostudiow.com.br\/site\/wp-json\/wp\/v2\/categories?post=48271"},{"taxonomy":"post_tag","embeddable":true,"href":"https:\/\/radiostudiow.com.br\/site\/wp-json\/wp\/v2\/tags?post=48271"}],"curies":[{"name":"wp","href":"https:\/\/api.w.org\/{rel}","templated":true}]}}