{"id":48289,"date":"2026-03-10T21:22:50","date_gmt":"2026-03-11T00:22:50","guid":{"rendered":"https:\/\/radiostudiow.com.br\/site\/?p=48289"},"modified":"2026-03-10T21:22:51","modified_gmt":"2026-03-11T00:22:51","slug":"capotamento-e-registrado-na-br-153-na-localidade-de-vera-cruz-em-mallet","status":"publish","type":"post","link":"https:\/\/radiostudiow.com.br\/site\/2026\/03\/10\/capotamento-e-registrado-na-br-153-na-localidade-de-vera-cruz-em-mallet\/","title":{"rendered":"Capotamento \u00e9 registrado na BR-153 na localidade de Vera Cruz, em Mallet"},"content":{"rendered":"\n<figure class=\"wp-block-image size-full\"><img loading=\"lazy\" decoding=\"async\" width=\"897\" height=\"204\" src=\"https:\/\/radiostudiow.com.br\/site\/wp-content\/uploads\/2025\/03\/BARAO-NOVO-NOTICIAS-1.jpg\" alt=\"\" class=\"wp-image-35084\" srcset=\"https:\/\/radiostudiow.com.br\/site\/wp-content\/uploads\/2025\/03\/BARAO-NOVO-NOTICIAS-1.jpg 897w, https:\/\/radiostudiow.com.br\/site\/wp-content\/uploads\/2025\/03\/BARAO-NOVO-NOTICIAS-1-300x68.jpg 300w, https:\/\/radiostudiow.com.br\/site\/wp-content\/uploads\/2025\/03\/BARAO-NOVO-NOTICIAS-1-768x175.jpg 768w\" sizes=\"auto, (max-width: 897px) 100vw, 897px\" \/><\/figure>\n\n\n\n<p class=\"has-medium-font-size\"><strong>Um capotamento foi registrado no in\u00edcio da noite desta ter\u00e7a-feira (10) na BR-153, nas proximidades do km 378, na localidade de Vera Cruz, no munic\u00edpio de Mallet.<\/strong><\/p>\n\n\n\n<p>De acordo com as informa\u00e7\u00f5es, o acidente ocorreu por volta das 18h45. Os Brigadistas Comunit\u00e1rios de Mallet foram acionados pela central do Corpo de Bombeiros Militar de Irati para atender \u00e0 ocorr\u00eancia.<\/p>\n\n\n\n<p class=\"has-medium-font-size\">Imediatamente, a equipe de brigadistas, juntamente com a ambul\u00e2ncia de plant\u00e3o do munic\u00edpio de Mallet, deslocou-se at\u00e9 o local para prestar atendimento. No entanto, ao chegarem, a v\u00edtima recusou atendimento m\u00e9dico, informando que estava bem.<\/p>\n\n\n\n<p>Tamb\u00e9m esteve presente no local o 1\u00ba Sargento Joaquim Pacholok, do Corpo de Bombeiros Militar, que prestou orienta\u00e7\u00f5es ao condutor e permaneceu no local at\u00e9 a chegada de familiares.<\/p>\n\n\n\n<p class=\"has-medium-font-size\"><strong>O ve\u00edculo envolvido no acidente \u00e9 uma Renault\/Duster com placas padr\u00e3o Mercosul.<\/strong><\/p>\n\n\n\n<figure class=\"wp-block-image size-full\"><img loading=\"lazy\" decoding=\"async\" width=\"897\" height=\"204\" src=\"https:\/\/radiostudiow.com.br\/site\/wp-content\/uploads\/2025\/03\/image-62.png\" alt=\"\" class=\"wp-image-35859\" srcset=\"https:\/\/radiostudiow.com.br\/site\/wp-content\/uploads\/2025\/03\/image-62.png 897w, https:\/\/radiostudiow.com.br\/site\/wp-content\/uploads\/2025\/03\/image-62-300x68.png 300w, https:\/\/radiostudiow.com.br\/site\/wp-content\/uploads\/2025\/03\/image-62-768x175.png 768w\" sizes=\"auto, (max-width: 897px) 100vw, 897px\" \/><\/figure>\n\n\n\n<figure class=\"wp-block-image size-large\"><img loading=\"lazy\" decoding=\"async\" width=\"1024\" height=\"576\" src=\"https:\/\/radiostudiow.com.br\/site\/wp-content\/uploads\/2026\/03\/aee1d236-635d-46c9-a7c0-56b3a8fa0509-1024x576.jpg\" alt=\"\" class=\"wp-image-48290\" srcset=\"https:\/\/radiostudiow.com.br\/site\/wp-content\/uploads\/2026\/03\/aee1d236-635d-46c9-a7c0-56b3a8fa0509-1024x576.jpg 1024w, https:\/\/radiostudiow.com.br\/site\/wp-content\/uploads\/2026\/03\/aee1d236-635d-46c9-a7c0-56b3a8fa0509-300x169.jpg 300w, https:\/\/radiostudiow.com.br\/site\/wp-content\/uploads\/2026\/03\/aee1d236-635d-46c9-a7c0-56b3a8fa0509-768x432.jpg 768w, https:\/\/radiostudiow.com.br\/site\/wp-content\/uploads\/2026\/03\/aee1d236-635d-46c9-a7c0-56b3a8fa0509-1536x864.jpg 1536w, https:\/\/radiostudiow.com.br\/site\/wp-content\/uploads\/2026\/03\/aee1d236-635d-46c9-a7c0-56b3a8fa0509.jpg 1600w\" sizes=\"auto, (max-width: 1024px) 100vw, 1024px\" \/><\/figure>\n\n\n\n<p class=\"has-medium-font-size\"><strong>Segundo relato do motorista, ele seguia de Mallet com destino \u00e0 cidade de Irati quando uma das rodas dianteiras do ve\u00edculo travou repentinamente. Com isso, ele acabou perdendo o controle da dire\u00e7\u00e3o, saindo da pista e atravessando para o lado oposto da rodovia, onde o ve\u00edculo acabou capotando.<\/strong><\/p>\n\n\n\n<p>Apesar do susto e dos danos materiais, ningu\u00e9m ficou ferido.<\/p>\n\n\n\n<h2 class=\"wp-block-heading\">Informa\u00e7\u00f5es da Reda\u00e7\u00e3o do W Not\u00edcias \/ Studio W<\/h2>\n\n\n\n<p><\/p>\n\n\n\n<figure class=\"wp-block-image size-full\"><img loading=\"lazy\" decoding=\"async\" width=\"731\" height=\"246\" src=\"https:\/\/radiostudiow.com.br\/site\/wp-content\/uploads\/2026\/01\/VITALY.png\" alt=\"\" class=\"wp-image-46547\" srcset=\"https:\/\/radiostudiow.com.br\/site\/wp-content\/uploads\/2026\/01\/VITALY.png 731w, https:\/\/radiostudiow.com.br\/site\/wp-content\/uploads\/2026\/01\/VITALY-300x101.png 300w\" sizes=\"auto, (max-width: 731px) 100vw, 731px\" \/><\/figure>\n\n\n\n<figure class=\"wp-block-image size-large\"><img loading=\"lazy\" decoding=\"async\" width=\"1024\" height=\"576\" src=\"https:\/\/radiostudiow.com.br\/site\/wp-content\/uploads\/2026\/03\/0385a8d3-295a-420e-97ee-8eb2d2b75599-1024x576.jpg\" alt=\"\" class=\"wp-image-48291\" srcset=\"https:\/\/radiostudiow.com.br\/site\/wp-content\/uploads\/2026\/03\/0385a8d3-295a-420e-97ee-8eb2d2b75599-1024x576.jpg 1024w, https:\/\/radiostudiow.com.br\/site\/wp-content\/uploads\/2026\/03\/0385a8d3-295a-420e-97ee-8eb2d2b75599-300x169.jpg 300w, https:\/\/radiostudiow.com.br\/site\/wp-content\/uploads\/2026\/03\/0385a8d3-295a-420e-97ee-8eb2d2b75599-768x432.jpg 768w, https:\/\/radiostudiow.com.br\/site\/wp-content\/uploads\/2026\/03\/0385a8d3-295a-420e-97ee-8eb2d2b75599-1536x864.jpg 1536w, https:\/\/radiostudiow.com.br\/site\/wp-content\/uploads\/2026\/03\/0385a8d3-295a-420e-97ee-8eb2d2b75599.jpg 1600w\" sizes=\"auto, (max-width: 1024px) 100vw, 1024px\" \/><\/figure>\n\n\n\n<p><\/p>\n\n\n\n<figure class=\"wp-block-image size-full\"><img loading=\"lazy\" decoding=\"async\" width=\"598\" height=\"204\" src=\"https:\/\/radiostudiow.com.br\/site\/wp-content\/uploads\/2025\/05\/POLAK.png\" alt=\"\" class=\"wp-image-37847\" srcset=\"https:\/\/radiostudiow.com.br\/site\/wp-content\/uploads\/2025\/05\/POLAK.png 598w, https:\/\/radiostudiow.com.br\/site\/wp-content\/uploads\/2025\/05\/POLAK-300x102.png 300w\" sizes=\"auto, (max-width: 598px) 100vw, 598px\" \/><\/figure>\n\n\n\n<figure class=\"wp-block-image size-large is-resized\"><img loading=\"lazy\" decoding=\"async\" width=\"1024\" height=\"576\" src=\"https:\/\/radiostudiow.com.br\/site\/wp-content\/uploads\/2026\/03\/27ac693c-136f-4854-98c0-1991e7cee144-1024x576.jpg\" alt=\"\" class=\"wp-image-48292\" style=\"width:598px;height:auto\" srcset=\"https:\/\/radiostudiow.com.br\/site\/wp-content\/uploads\/2026\/03\/27ac693c-136f-4854-98c0-1991e7cee144-1024x576.jpg 1024w, https:\/\/radiostudiow.com.br\/site\/wp-content\/uploads\/2026\/03\/27ac693c-136f-4854-98c0-1991e7cee144-300x169.jpg 300w, https:\/\/radiostudiow.com.br\/site\/wp-content\/uploads\/2026\/03\/27ac693c-136f-4854-98c0-1991e7cee144-768x432.jpg 768w, https:\/\/radiostudiow.com.br\/site\/wp-content\/uploads\/2026\/03\/27ac693c-136f-4854-98c0-1991e7cee144-1536x864.jpg 1536w, https:\/\/radiostudiow.com.br\/site\/wp-content\/uploads\/2026\/03\/27ac693c-136f-4854-98c0-1991e7cee144.jpg 1600w\" sizes=\"auto, (max-width: 1024px) 100vw, 1024px\" \/><\/figure>\n","protected":false},"excerpt":{"rendered":"<p>Um capotamento foi registrado no in\u00edcio da noite desta ter\u00e7a-feira (10) na BR-153, nas proximidades do km 378, na localidade de Vera Cruz, no munic\u00edpio de Mallet. De acordo com as informa\u00e7\u00f5es, o acidente ocorreu por volta das 18h45. Os Brigadistas Comunit\u00e1rios de Mallet foram acionados pela central do Corpo de Bombeiros Militar de Irati [&hellip;]<\/p>\n","protected":false},"author":2,"featured_media":48293,"comment_status":"open","ping_status":"open","sticky":false,"template":"","format":"standard","meta":{"footnotes":""},"categories":[184],"tags":[172],"class_list":["post-48289","post","type-post","status-publish","format-standard","has-post-thumbnail","hentry","category-local","tag-featured"],"amp_enabled":true,"_links":{"self":[{"href":"https:\/\/radiostudiow.com.br\/site\/wp-json\/wp\/v2\/posts\/48289","targetHints":{"allow":["GET"]}}],"collection":[{"href":"https:\/\/radiostudiow.com.br\/site\/wp-json\/wp\/v2\/posts"}],"about":[{"href":"https:\/\/radiostudiow.com.br\/site\/wp-json\/wp\/v2\/types\/post"}],"author":[{"embeddable":true,"href":"https:\/\/radiostudiow.com.br\/site\/wp-json\/wp\/v2\/users\/2"}],"replies":[{"embeddable":true,"href":"https:\/\/radiostudiow.com.br\/site\/wp-json\/wp\/v2\/comments?post=48289"}],"version-history":[{"count":1,"href":"https:\/\/radiostudiow.com.br\/site\/wp-json\/wp\/v2\/posts\/48289\/revisions"}],"predecessor-version":[{"id":48294,"href":"https:\/\/radiostudiow.com.br\/site\/wp-json\/wp\/v2\/posts\/48289\/revisions\/48294"}],"wp:featuredmedia":[{"embeddable":true,"href":"https:\/\/radiostudiow.com.br\/site\/wp-json\/wp\/v2\/media\/48293"}],"wp:attachment":[{"href":"https:\/\/radiostudiow.com.br\/site\/wp-json\/wp\/v2\/media?parent=48289"}],"wp:term":[{"taxonomy":"category","embeddable":true,"href":"https:\/\/radiostudiow.com.br\/site\/wp-json\/wp\/v2\/categories?post=48289"},{"taxonomy":"post_tag","embeddable":true,"href":"https:\/\/radiostudiow.com.br\/site\/wp-json\/wp\/v2\/tags?post=48289"}],"curies":[{"name":"wp","href":"https:\/\/api.w.org\/{rel}","templated":true}]}}