{"id":48296,"date":"2026-03-11T10:16:48","date_gmt":"2026-03-11T13:16:48","guid":{"rendered":"https:\/\/radiostudiow.com.br\/site\/?p=48296"},"modified":"2026-03-11T10:32:51","modified_gmt":"2026-03-11T13:32:51","slug":"policia-militar-recupera-tv-e-notebook-furtados-de-instituicao-em-general-carneiro","status":"publish","type":"post","link":"https:\/\/radiostudiow.com.br\/site\/2026\/03\/11\/policia-militar-recupera-tv-e-notebook-furtados-de-instituicao-em-general-carneiro\/","title":{"rendered":"Pol\u00edcia Militar recupera TV e Notebook Furtados de Institui\u00e7\u00e3o em General Carneiro"},"content":{"rendered":"\n<figure class=\"wp-block-image size-full\"><img loading=\"lazy\" decoding=\"async\" width=\"897\" height=\"204\" src=\"https:\/\/radiostudiow.com.br\/site\/wp-content\/uploads\/2025\/01\/SITE-GRANDE3.png\" alt=\"\" class=\"wp-image-32900\" srcset=\"https:\/\/radiostudiow.com.br\/site\/wp-content\/uploads\/2025\/01\/SITE-GRANDE3.png 897w, https:\/\/radiostudiow.com.br\/site\/wp-content\/uploads\/2025\/01\/SITE-GRANDE3-300x68.png 300w, https:\/\/radiostudiow.com.br\/site\/wp-content\/uploads\/2025\/01\/SITE-GRANDE3-768x175.png 768w\" sizes=\"auto, (max-width: 897px) 100vw, 897px\" \/><\/figure>\n\n\n\n<p><br>A equipe da Pol\u00edcia Militar foi acionada pelo CRAS de General Carneiro ap\u00f3s a ocorr\u00eancia de um furto qualificado nas depend\u00eancias da institui\u00e7\u00e3o no bairro S\u00e3o Jo\u00e3o por volta das 12 horas dessa ter\u00e7a-feira (10).<\/p>\n\n\n\n<p>C\u00e2meras de seguran\u00e7a mostraram um indiv\u00edduo arrombando portas e subtraindo diversos itens, incluindo televis\u00e3o, notebook, cesta b\u00e1sica, facas e um kit gesta\u00e7\u00e3o.<\/p>\n\n\n\n<p>Durante dilig\u00eancias, o suspeito foi localizado em uma \u00e1rea de mata, resistiu \u00e0 pris\u00e3o e precisou ser contido com t\u00e9cnicas de imobiliza\u00e7\u00e3o. O suspeito indicou o local onde havia ocultado os objetos subtra\u00eddos, que foram recuperados.<\/p>\n\n\n\n<p>Diante da situa\u00e7\u00e3o o masculino foi conduzido e entregue \u00e0 Delegacia de Policia para as provid\u00eancias legais.<\/p>\n\n\n\n<figure class=\"wp-block-image size-full\"><img loading=\"lazy\" decoding=\"async\" width=\"598\" height=\"204\" src=\"https:\/\/radiostudiow.com.br\/site\/wp-content\/uploads\/2025\/04\/BOROX.png\" alt=\"\" class=\"wp-image-37229\" srcset=\"https:\/\/radiostudiow.com.br\/site\/wp-content\/uploads\/2025\/04\/BOROX.png 598w, https:\/\/radiostudiow.com.br\/site\/wp-content\/uploads\/2025\/04\/BOROX-300x102.png 300w\" sizes=\"auto, (max-width: 598px) 100vw, 598px\" \/><\/figure>\n","protected":false},"excerpt":{"rendered":"<p>A equipe da Pol\u00edcia Militar foi acionada pelo CRAS de General Carneiro ap\u00f3s a ocorr\u00eancia de um furto qualificado nas depend\u00eancias da institui\u00e7\u00e3o no bairro S\u00e3o Jo\u00e3o por volta das 12 horas dessa ter\u00e7a-feira (10). C\u00e2meras de seguran\u00e7a mostraram um indiv\u00edduo arrombando portas e subtraindo diversos itens, incluindo televis\u00e3o, notebook, cesta b\u00e1sica, facas e um [&hellip;]<\/p>\n","protected":false},"author":2,"featured_media":48297,"comment_status":"open","ping_status":"open","sticky":false,"template":"","format":"standard","meta":{"footnotes":""},"categories":[2],"tags":[172],"class_list":["post-48296","post","type-post","status-publish","format-standard","has-post-thumbnail","hentry","category-policial","tag-featured"],"amp_enabled":true,"_links":{"self":[{"href":"https:\/\/radiostudiow.com.br\/site\/wp-json\/wp\/v2\/posts\/48296","targetHints":{"allow":["GET"]}}],"collection":[{"href":"https:\/\/radiostudiow.com.br\/site\/wp-json\/wp\/v2\/posts"}],"about":[{"href":"https:\/\/radiostudiow.com.br\/site\/wp-json\/wp\/v2\/types\/post"}],"author":[{"embeddable":true,"href":"https:\/\/radiostudiow.com.br\/site\/wp-json\/wp\/v2\/users\/2"}],"replies":[{"embeddable":true,"href":"https:\/\/radiostudiow.com.br\/site\/wp-json\/wp\/v2\/comments?post=48296"}],"version-history":[{"count":2,"href":"https:\/\/radiostudiow.com.br\/site\/wp-json\/wp\/v2\/posts\/48296\/revisions"}],"predecessor-version":[{"id":48303,"href":"https:\/\/radiostudiow.com.br\/site\/wp-json\/wp\/v2\/posts\/48296\/revisions\/48303"}],"wp:featuredmedia":[{"embeddable":true,"href":"https:\/\/radiostudiow.com.br\/site\/wp-json\/wp\/v2\/media\/48297"}],"wp:attachment":[{"href":"https:\/\/radiostudiow.com.br\/site\/wp-json\/wp\/v2\/media?parent=48296"}],"wp:term":[{"taxonomy":"category","embeddable":true,"href":"https:\/\/radiostudiow.com.br\/site\/wp-json\/wp\/v2\/categories?post=48296"},{"taxonomy":"post_tag","embeddable":true,"href":"https:\/\/radiostudiow.com.br\/site\/wp-json\/wp\/v2\/tags?post=48296"}],"curies":[{"name":"wp","href":"https:\/\/api.w.org\/{rel}","templated":true}]}}