{"id":48299,"date":"2026-03-11T10:32:22","date_gmt":"2026-03-11T13:32:22","guid":{"rendered":"https:\/\/radiostudiow.com.br\/site\/?p=48299"},"modified":"2026-03-11T10:32:23","modified_gmt":"2026-03-11T13:32:23","slug":"policia-militar-de-uniao-da-vitoria-apreende-carga-de-fios-eletricos-avaliada-em-mais-de-r-10-mil-e-prende-duas-mulheres-na-br-153","status":"publish","type":"post","link":"https:\/\/radiostudiow.com.br\/site\/2026\/03\/11\/policia-militar-de-uniao-da-vitoria-apreende-carga-de-fios-eletricos-avaliada-em-mais-de-r-10-mil-e-prende-duas-mulheres-na-br-153\/","title":{"rendered":"Pol\u00edcia Militar de Uni\u00e3o da Vit\u00f3ria apreende carga de fios el\u00e9tricos avaliada em mais de R$ 10 mil e prende duas mulheres na BR-153"},"content":{"rendered":"\n<figure class=\"wp-block-image size-full\"><img loading=\"lazy\" decoding=\"async\" width=\"731\" height=\"204\" src=\"https:\/\/radiostudiow.com.br\/site\/wp-content\/uploads\/2026\/01\/BARROS-2026.png\" alt=\"\" class=\"wp-image-46173\" srcset=\"https:\/\/radiostudiow.com.br\/site\/wp-content\/uploads\/2026\/01\/BARROS-2026.png 731w, https:\/\/radiostudiow.com.br\/site\/wp-content\/uploads\/2026\/01\/BARROS-2026-300x84.png 300w\" sizes=\"auto, (max-width: 731px) 100vw, 731px\" \/><\/figure>\n\n\n\n<p>Ap\u00f3s troca de informa\u00e7\u00f5es entre for\u00e7as de seguran\u00e7a, uma equipe da Pol\u00edcia Militar de Uni\u00e3o da Vit\u00f3ria abordou um ve\u00edculo suspeito na rodovia BR-153 por volta das 10h30min dessa ter\u00e7a-feira (10). O autom\u00f3vel era ocupado por duas mulheres.<\/p>\n\n\n\n<p>Durante a abordagem, foi constatado que havia diversos rolos de fios el\u00e9tricos no banco traseiro. Questionadas sobre a origem do material, as ocupantes informaram que haviam adquirido os produtos por um valor muito abaixo do mercado e que fariam o transporte at\u00e9 outra cidade.<\/p>\n\n\n\n<p>A carga, avaliada em mais de R$ 10 mil, n\u00e3o possu\u00eda nenhuma comprova\u00e7\u00e3o de origem. Diante da situa\u00e7\u00e3o e da suspeita de liga\u00e7\u00e3o com furtos recentes de fios el\u00e9tricos na regi\u00e3o, as duas mulheres foram presas.<\/p>\n\n\n\n<p>O ve\u00edculo, celulares e todo o material apreendido foram encaminhados \u00e0 delegacia para as provid\u00eancias da Pol\u00edcia Judici\u00e1ria.<\/p>\n\n\n\n<figure class=\"wp-block-image size-full\"><img loading=\"lazy\" decoding=\"async\" width=\"598\" height=\"204\" src=\"https:\/\/radiostudiow.com.br\/site\/wp-content\/uploads\/2025\/05\/POLAK.png\" alt=\"\" class=\"wp-image-37847\" srcset=\"https:\/\/radiostudiow.com.br\/site\/wp-content\/uploads\/2025\/05\/POLAK.png 598w, https:\/\/radiostudiow.com.br\/site\/wp-content\/uploads\/2025\/05\/POLAK-300x102.png 300w\" sizes=\"auto, (max-width: 598px) 100vw, 598px\" \/><\/figure>\n","protected":false},"excerpt":{"rendered":"<p>Ap\u00f3s troca de informa\u00e7\u00f5es entre for\u00e7as de seguran\u00e7a, uma equipe da Pol\u00edcia Militar de Uni\u00e3o da Vit\u00f3ria abordou um ve\u00edculo suspeito na rodovia BR-153 por volta das 10h30min dessa ter\u00e7a-feira (10). O autom\u00f3vel era ocupado por duas mulheres. Durante a abordagem, foi constatado que havia diversos rolos de fios el\u00e9tricos no banco traseiro. Questionadas sobre [&hellip;]<\/p>\n","protected":false},"author":2,"featured_media":48300,"comment_status":"open","ping_status":"open","sticky":false,"template":"","format":"standard","meta":{"footnotes":""},"categories":[2],"tags":[172],"class_list":["post-48299","post","type-post","status-publish","format-standard","has-post-thumbnail","hentry","category-policial","tag-featured"],"amp_enabled":true,"_links":{"self":[{"href":"https:\/\/radiostudiow.com.br\/site\/wp-json\/wp\/v2\/posts\/48299","targetHints":{"allow":["GET"]}}],"collection":[{"href":"https:\/\/radiostudiow.com.br\/site\/wp-json\/wp\/v2\/posts"}],"about":[{"href":"https:\/\/radiostudiow.com.br\/site\/wp-json\/wp\/v2\/types\/post"}],"author":[{"embeddable":true,"href":"https:\/\/radiostudiow.com.br\/site\/wp-json\/wp\/v2\/users\/2"}],"replies":[{"embeddable":true,"href":"https:\/\/radiostudiow.com.br\/site\/wp-json\/wp\/v2\/comments?post=48299"}],"version-history":[{"count":1,"href":"https:\/\/radiostudiow.com.br\/site\/wp-json\/wp\/v2\/posts\/48299\/revisions"}],"predecessor-version":[{"id":48301,"href":"https:\/\/radiostudiow.com.br\/site\/wp-json\/wp\/v2\/posts\/48299\/revisions\/48301"}],"wp:featuredmedia":[{"embeddable":true,"href":"https:\/\/radiostudiow.com.br\/site\/wp-json\/wp\/v2\/media\/48300"}],"wp:attachment":[{"href":"https:\/\/radiostudiow.com.br\/site\/wp-json\/wp\/v2\/media?parent=48299"}],"wp:term":[{"taxonomy":"category","embeddable":true,"href":"https:\/\/radiostudiow.com.br\/site\/wp-json\/wp\/v2\/categories?post=48299"},{"taxonomy":"post_tag","embeddable":true,"href":"https:\/\/radiostudiow.com.br\/site\/wp-json\/wp\/v2\/tags?post=48299"}],"curies":[{"name":"wp","href":"https:\/\/api.w.org\/{rel}","templated":true}]}}