{"id":48304,"date":"2026-03-11T10:43:39","date_gmt":"2026-03-11T13:43:39","guid":{"rendered":"https:\/\/radiostudiow.com.br\/site\/?p=48304"},"modified":"2026-03-11T10:43:40","modified_gmt":"2026-03-11T13:43:40","slug":"policia-militar-cumpre-mandado-de-prisao-em-sao-mateus-do-sul-3","status":"publish","type":"post","link":"https:\/\/radiostudiow.com.br\/site\/2026\/03\/11\/policia-militar-cumpre-mandado-de-prisao-em-sao-mateus-do-sul-3\/","title":{"rendered":"Pol\u00edcia Militar cumpre mandado de pris\u00e3o em S\u00e3o Mateus do Sul"},"content":{"rendered":"\n<figure class=\"wp-block-image size-full\"><img loading=\"lazy\" decoding=\"async\" width=\"731\" height=\"204\" src=\"https:\/\/radiostudiow.com.br\/site\/wp-content\/uploads\/2025\/10\/ZAIONS.png\" alt=\"\" class=\"wp-image-44147\" srcset=\"https:\/\/radiostudiow.com.br\/site\/wp-content\/uploads\/2025\/10\/ZAIONS.png 731w, https:\/\/radiostudiow.com.br\/site\/wp-content\/uploads\/2025\/10\/ZAIONS-300x84.png 300w\" sizes=\"auto, (max-width: 731px) 100vw, 731px\" \/><\/figure>\n\n\n\n<p>A equipe de Patrulha Rural da Pol\u00edcia Militar de S\u00e3o Mateus do Sul cumpriu um mandado de pris\u00e3o na localidade de Faxinal dos Ilh\u00e9us por volta das 17 horas dessa ter\u00e7a-feira (10).<\/p>\n\n\n\n<p>O mandado, expedido pelo Tribunal de Justi\u00e7a do Paran\u00e1, era referente a pena por crime de furto.<\/p>\n\n\n\n<p>O suspeito foi localizado na \u00e1rea externa de sua resid\u00eancia na zona rural, em seguida, ele foi encaminhado \u00e0 carceragem da Pol\u00edcia Penal para cumprimento da pena.<\/p>\n\n\n\n<p>A a\u00e7\u00e3o refor\u00e7a a atua\u00e7\u00e3o da pol\u00edcia na execu\u00e7\u00e3o de mandados judiciais e na manuten\u00e7\u00e3o da ordem p\u00fablica.<\/p>\n\n\n\n<figure class=\"wp-block-image size-full\"><img loading=\"lazy\" decoding=\"async\" width=\"598\" height=\"204\" src=\"https:\/\/radiostudiow.com.br\/site\/wp-content\/uploads\/2024\/01\/SITE-MEDIO.png\" alt=\"\" class=\"wp-image-18916\" srcset=\"https:\/\/radiostudiow.com.br\/site\/wp-content\/uploads\/2024\/01\/SITE-MEDIO.png 598w, https:\/\/radiostudiow.com.br\/site\/wp-content\/uploads\/2024\/01\/SITE-MEDIO-300x102.png 300w\" sizes=\"auto, (max-width: 598px) 100vw, 598px\" \/><\/figure>\n","protected":false},"excerpt":{"rendered":"<p>A equipe de Patrulha Rural da Pol\u00edcia Militar de S\u00e3o Mateus do Sul cumpriu um mandado de pris\u00e3o na localidade de Faxinal dos Ilh\u00e9us por volta das 17 horas dessa ter\u00e7a-feira (10). O mandado, expedido pelo Tribunal de Justi\u00e7a do Paran\u00e1, era referente a pena por crime de furto. O suspeito foi localizado na \u00e1rea [&hellip;]<\/p>\n","protected":false},"author":2,"featured_media":14798,"comment_status":"open","ping_status":"open","sticky":false,"template":"","format":"standard","meta":{"footnotes":""},"categories":[2],"tags":[172],"class_list":["post-48304","post","type-post","status-publish","format-standard","has-post-thumbnail","hentry","category-policial","tag-featured"],"amp_enabled":true,"_links":{"self":[{"href":"https:\/\/radiostudiow.com.br\/site\/wp-json\/wp\/v2\/posts\/48304","targetHints":{"allow":["GET"]}}],"collection":[{"href":"https:\/\/radiostudiow.com.br\/site\/wp-json\/wp\/v2\/posts"}],"about":[{"href":"https:\/\/radiostudiow.com.br\/site\/wp-json\/wp\/v2\/types\/post"}],"author":[{"embeddable":true,"href":"https:\/\/radiostudiow.com.br\/site\/wp-json\/wp\/v2\/users\/2"}],"replies":[{"embeddable":true,"href":"https:\/\/radiostudiow.com.br\/site\/wp-json\/wp\/v2\/comments?post=48304"}],"version-history":[{"count":1,"href":"https:\/\/radiostudiow.com.br\/site\/wp-json\/wp\/v2\/posts\/48304\/revisions"}],"predecessor-version":[{"id":48305,"href":"https:\/\/radiostudiow.com.br\/site\/wp-json\/wp\/v2\/posts\/48304\/revisions\/48305"}],"wp:featuredmedia":[{"embeddable":true,"href":"https:\/\/radiostudiow.com.br\/site\/wp-json\/wp\/v2\/media\/14798"}],"wp:attachment":[{"href":"https:\/\/radiostudiow.com.br\/site\/wp-json\/wp\/v2\/media?parent=48304"}],"wp:term":[{"taxonomy":"category","embeddable":true,"href":"https:\/\/radiostudiow.com.br\/site\/wp-json\/wp\/v2\/categories?post=48304"},{"taxonomy":"post_tag","embeddable":true,"href":"https:\/\/radiostudiow.com.br\/site\/wp-json\/wp\/v2\/tags?post=48304"}],"curies":[{"name":"wp","href":"https:\/\/api.w.org\/{rel}","templated":true}]}}