{"id":48308,"date":"2026-03-11T15:25:20","date_gmt":"2026-03-11T18:25:20","guid":{"rendered":"https:\/\/radiostudiow.com.br\/site\/?p=48308"},"modified":"2026-03-11T16:14:16","modified_gmt":"2026-03-11T19:14:16","slug":"acusado-de-tentativa-de-homicidio-na-avenida-joao-pessoa-em-2023-vai-a-julgamento-em-mallet","status":"publish","type":"post","link":"https:\/\/radiostudiow.com.br\/site\/2026\/03\/11\/acusado-de-tentativa-de-homicidio-na-avenida-joao-pessoa-em-2023-vai-a-julgamento-em-mallet\/","title":{"rendered":"Acusado de tentativa de homic\u00eddio na Avenida Jo\u00e3o Pessoa em 2023 vai a julgamento em Mallet"},"content":{"rendered":"\n<figure class=\"wp-block-gallery has-nested-images columns-default is-cropped wp-block-gallery-1 is-layout-flex wp-block-gallery-is-layout-flex\">\n<figure class=\"wp-block-image size-large\"><img loading=\"lazy\" decoding=\"async\" width=\"300\" height=\"180\" data-id=\"38014\" src=\"https:\/\/radiostudiow.com.br\/site\/wp-content\/uploads\/2025\/05\/VANE.png\" alt=\"\" class=\"wp-image-38014\"\/><\/figure>\n\n\n\n<figure class=\"wp-block-image size-large\"><img loading=\"lazy\" decoding=\"async\" width=\"300\" height=\"180\" data-id=\"37219\" src=\"https:\/\/radiostudiow.com.br\/site\/wp-content\/uploads\/2025\/04\/AGRODU.png\" alt=\"\" class=\"wp-image-37219\"\/><\/figure>\n<\/figure>\n\n\n\n<p style=\"font-size:19px\">Nesta quinta-feira, 12 de mar\u00e7o, a partir das 9h, ser\u00e1 realizado no F\u00f3rum Desembargador Jos\u00e9 Henrique de Santa Rita, em Mallet, o julgamento de um caso de tentativa de homic\u00eddio ocorrido no munic\u00edpio no ano de 2023.<\/p>\n\n\n\n<p style=\"font-size:25px\">De acordo com den\u00fancia apresentada pelo Minist\u00e9rio P\u00fablico do Estado do Paran\u00e1,<strong> o r\u00e9u Rivaldo Junior de Oliveira \u00e9 acusado de tentar matar Lu\u00eds Matheus Pessi Szczypkoski. <\/strong><\/p>\n\n\n\n<figure class=\"wp-block-gallery has-nested-images columns-default is-cropped wp-block-gallery-2 is-layout-flex wp-block-gallery-is-layout-flex\">\n<figure class=\"wp-block-image size-large\"><img loading=\"lazy\" decoding=\"async\" width=\"300\" height=\"180\" data-id=\"47110\" src=\"https:\/\/radiostudiow.com.br\/site\/wp-content\/uploads\/2026\/01\/EXTREME.png\" alt=\"\" class=\"wp-image-47110\"\/><\/figure>\n\n\n\n<figure class=\"wp-block-image size-large\"><img decoding=\"async\" data-id=\"44123\" src=\"https:\/\/radiostudiow.com.br\/site\/wp-content\/uploads\/2025\/10\/SUPREMA-BARBA.png\" alt=\"\" class=\"wp-image-44123\"\/><\/figure>\n<\/figure>\n\n\n\n<p class=\"has-medium-font-size\">O crime foi enquadrado no artigo 121 do C\u00f3digo Penal, combinado com o artigo 14, inciso II, que trata da tentativa de homic\u00eddio.<br><strong>Conforme consta na den\u00fancia, o fato teria ocorrido no dia 21 de setembro de 2023, por volta das 23h08, na Avenida Jo\u00e3o Pessoa, na regi\u00e3o central de Mallet, nas proximidades da C\u00e2mara de Vereadores. <\/strong><\/p>\n\n\n\n<p class=\"has-medium-font-size\">Na ocasi\u00e3o, o acusado teria desferido golpes com uma arma branca contra a v\u00edtima.<br>O caso ser\u00e1 analisado pelo Tribunal do J\u00fari, \u00f3rg\u00e3o respons\u00e1vel por julgar crimes dolosos contra a vida. Durante a sess\u00e3o, os jurados ir\u00e3o avaliar as provas e os argumentos apresentados tanto pela acusa\u00e7\u00e3o quanto pela defesa antes de chegar a uma decis\u00e3o.<\/p>\n\n\n\n<h2 class=\"wp-block-heading\"><br>A legisla\u00e7\u00e3o brasileira assegura ao acusado o direito \u00e0 presun\u00e7\u00e3o de inoc\u00eancia at\u00e9 que haja uma decis\u00e3o definitiva da Justi\u00e7a.<\/h2>\n\n\n\n<p><\/p>\n\n\n\n<figure class=\"wp-block-image size-full\"><img loading=\"lazy\" decoding=\"async\" width=\"782\" height=\"463\" src=\"https:\/\/radiostudiow.com.br\/site\/wp-content\/uploads\/2026\/03\/forum.png\" alt=\"\" class=\"wp-image-48309\" srcset=\"https:\/\/radiostudiow.com.br\/site\/wp-content\/uploads\/2026\/03\/forum.png 782w, https:\/\/radiostudiow.com.br\/site\/wp-content\/uploads\/2026\/03\/forum-300x178.png 300w, https:\/\/radiostudiow.com.br\/site\/wp-content\/uploads\/2026\/03\/forum-768x455.png 768w\" sizes=\"auto, (max-width: 782px) 100vw, 782px\" \/><\/figure>\n\n\n\n<figure class=\"wp-block-gallery has-nested-images columns-default is-cropped wp-block-gallery-3 is-layout-flex wp-block-gallery-is-layout-flex\">\n<figure class=\"wp-block-image size-large\"><img loading=\"lazy\" decoding=\"async\" width=\"300\" height=\"180\" data-id=\"39582\" src=\"https:\/\/radiostudiow.com.br\/site\/wp-content\/uploads\/2025\/06\/PLAY-HALL.png\" alt=\"\" class=\"wp-image-39582\"\/><\/figure>\n\n\n\n<figure class=\"wp-block-image size-large\"><img loading=\"lazy\" decoding=\"async\" width=\"1024\" height=\"614\" data-id=\"45321\" src=\"https:\/\/radiostudiow.com.br\/site\/wp-content\/uploads\/2025\/12\/SITES-PEQUENO-GRANDE-1024x614.png\" alt=\"\" class=\"wp-image-45321\" srcset=\"https:\/\/radiostudiow.com.br\/site\/wp-content\/uploads\/2025\/12\/SITES-PEQUENO-GRANDE-1024x614.png 1024w, https:\/\/radiostudiow.com.br\/site\/wp-content\/uploads\/2025\/12\/SITES-PEQUENO-GRANDE-300x180.png 300w, https:\/\/radiostudiow.com.br\/site\/wp-content\/uploads\/2025\/12\/SITES-PEQUENO-GRANDE-768x461.png 768w, https:\/\/radiostudiow.com.br\/site\/wp-content\/uploads\/2025\/12\/SITES-PEQUENO-GRANDE-1536x921.png 1536w, https:\/\/radiostudiow.com.br\/site\/wp-content\/uploads\/2025\/12\/SITES-PEQUENO-GRANDE-1000x600.png 1000w, https:\/\/radiostudiow.com.br\/site\/wp-content\/uploads\/2025\/12\/SITES-PEQUENO-GRANDE-590x354.png 590w, https:\/\/radiostudiow.com.br\/site\/wp-content\/uploads\/2025\/12\/SITES-PEQUENO-GRANDE-400x240.png 400w, https:\/\/radiostudiow.com.br\/site\/wp-content\/uploads\/2025\/12\/SITES-PEQUENO-GRANDE.png 1672w\" sizes=\"auto, (max-width: 1024px) 100vw, 1024px\" \/><\/figure>\n<\/figure>\n\n\n\n<blockquote class=\"wp-block-quote is-layout-flow wp-block-quote-is-layout-flow\">\n<p><br>A equipe de reportagem da Studio W TV acompanhar\u00e1 o julgamento diretamente do F\u00f3rum de Mallet trazendo flashes ao vivo ao longo do dia com atualiza\u00e7\u00f5es sobre o andamento da sess\u00e3o. No Jornal W Not\u00edcias, voc\u00ea confere posteriormente todas as informa\u00e7\u00f5es e o desfecho deste caso.<\/p>\n<\/blockquote>\n","protected":false},"excerpt":{"rendered":"<p>Nesta quinta-feira, 12 de mar\u00e7o, a partir das 9h, ser\u00e1 realizado no F\u00f3rum Desembargador Jos\u00e9 Henrique de Santa Rita, em Mallet, o julgamento de um caso de tentativa de homic\u00eddio ocorrido no munic\u00edpio no ano de 2023. De acordo com den\u00fancia apresentada pelo Minist\u00e9rio P\u00fablico do Estado do Paran\u00e1, o r\u00e9u Rivaldo Junior de Oliveira [&hellip;]<\/p>\n","protected":false},"author":2,"featured_media":48314,"comment_status":"open","ping_status":"open","sticky":false,"template":"","format":"standard","meta":{"footnotes":""},"categories":[184],"tags":[172],"class_list":["post-48308","post","type-post","status-publish","format-standard","has-post-thumbnail","hentry","category-local","tag-featured"],"amp_enabled":true,"_links":{"self":[{"href":"https:\/\/radiostudiow.com.br\/site\/wp-json\/wp\/v2\/posts\/48308","targetHints":{"allow":["GET"]}}],"collection":[{"href":"https:\/\/radiostudiow.com.br\/site\/wp-json\/wp\/v2\/posts"}],"about":[{"href":"https:\/\/radiostudiow.com.br\/site\/wp-json\/wp\/v2\/types\/post"}],"author":[{"embeddable":true,"href":"https:\/\/radiostudiow.com.br\/site\/wp-json\/wp\/v2\/users\/2"}],"replies":[{"embeddable":true,"href":"https:\/\/radiostudiow.com.br\/site\/wp-json\/wp\/v2\/comments?post=48308"}],"version-history":[{"count":1,"href":"https:\/\/radiostudiow.com.br\/site\/wp-json\/wp\/v2\/posts\/48308\/revisions"}],"predecessor-version":[{"id":48310,"href":"https:\/\/radiostudiow.com.br\/site\/wp-json\/wp\/v2\/posts\/48308\/revisions\/48310"}],"wp:featuredmedia":[{"embeddable":true,"href":"https:\/\/radiostudiow.com.br\/site\/wp-json\/wp\/v2\/media\/48314"}],"wp:attachment":[{"href":"https:\/\/radiostudiow.com.br\/site\/wp-json\/wp\/v2\/media?parent=48308"}],"wp:term":[{"taxonomy":"category","embeddable":true,"href":"https:\/\/radiostudiow.com.br\/site\/wp-json\/wp\/v2\/categories?post=48308"},{"taxonomy":"post_tag","embeddable":true,"href":"https:\/\/radiostudiow.com.br\/site\/wp-json\/wp\/v2\/tags?post=48308"}],"curies":[{"name":"wp","href":"https:\/\/api.w.org\/{rel}","templated":true}]}}