{"id":4832,"date":"2021-12-07T09:55:49","date_gmt":"2021-12-07T12:55:49","guid":{"rendered":"https:\/\/radiostudiow.com.br\/site\/?p=4832"},"modified":"2025-01-31T15:12:17","modified_gmt":"2025-01-31T18:12:17","slug":"4ocrpm-policiais-do-4-crpm-recebem-premio-no-rio-de-janeiro","status":"publish","type":"post","link":"https:\/\/radiostudiow.com.br\/site\/2021\/12\/07\/4ocrpm-policiais-do-4-crpm-recebem-premio-no-rio-de-janeiro\/","title":{"rendered":"POLICIAIS DO 4\u00b0 CRPM RECEBEM PR\u00caMIO NO RIO DE JANEIRO"},"content":{"rendered":"\n<p>Na \u00faltima sexta-feira, 03 de dezembro, a 1\u00aa Ten. QEOPM Gisl\u00e9ia, lotada na 8\u00aa CIPM e o 2\u00b0 Sgt. Maximillian, lotado na P\/3 do 4\u00b0 CRPM receberam na capital do Rio de Janeiro o pr\u00eamio do II Concurso Nacional de Artigos Cient\u00edficos para profissionais da seguran\u00e7a p\u00fablica. O artigo da Tenente Gisl\u00e9ia, com o t\u00edtulo <em>\u201cSou Mulher e Policial Militar: problematiza\u00e7\u00f5es acerca da presen\u00e7a de mulheres em meio \u00e0 Corpora\u00e7\u00e3o Militar do Estado do Paran\u00e1\u201d<\/em> ficou em 1\u00b0 lugar no eixo VI \u201cHist\u00f3ria da Pol\u00edcia Militar\u201d e o artigo do Sargento Maximillian, com o t\u00edtulo \u201cA Geografia da Pol\u00edcia Militar do Paran\u00e1: conceitos espaciais na aplica\u00e7\u00e3o do policiamento\u201d ficou em 2\u00b0 lugar no eixo II \u201cGest\u00e3o Operacional\u201d.<\/p>\n\n\n\n<p>O concurso foi promovido pela Coordenadoria de Assuntos Estrat\u00e9gicos da Secretaria de Estado da Pol\u00edcia Militar do Rio de Janeiro e teve a participa\u00e7\u00e3o de v\u00e1rios Estados da Federa\u00e7\u00e3o, reunindo 120<br>artigos na competi\u00e7\u00e3o. No Quartel General da PMERJ, os PM\u2019s vencedores nos 5 eixos apresentaram<br>suas pesquisas ao p\u00fablico presente e, ap\u00f3s, participaram da solenidade de premia\u00e7\u00e3o, congratulando-se junto aos demais presentes no evento.<\/p>\n\n\n\n<p>A iniciativa da PMERJ fomenta a pesquisa cient\u00edfica por Policiais Militares, reunindo saberes de diferentes \u00e1reas e a viv\u00eancia policial-militar. \u00c9 satisfat\u00f3rio que a PMPR tenha se destacado junto aos<br>demais entes federados no concurso, demonstrando o elevado n\u00edvel t\u00e9cnico e cient\u00edfico da tropa.<\/p>\n\n\n\n<figure class=\"wp-block-gallery columns-1 is-cropped wp-block-gallery-1 is-layout-flex wp-block-gallery-is-layout-flex\"><ul class=\"blocks-gallery-grid\"><li class=\"blocks-gallery-item\"><figure><img loading=\"lazy\" decoding=\"async\" width=\"1024\" height=\"768\" src=\"https:\/\/radiostudiow.com.br\/site\/wp-content\/uploads\/2021\/12\/IMG_20211203_122235-1024x768.jpg\" alt=\"\" data-id=\"4834\" data-full-url=\"https:\/\/radiostudiow.com.br\/site\/wp-content\/uploads\/2021\/12\/IMG_20211203_122235-scaled.jpg\" data-link=\"https:\/\/radiostudiow.com.br\/site\/?attachment_id=4834\" class=\"wp-image-4834\" srcset=\"https:\/\/radiostudiow.com.br\/site\/wp-content\/uploads\/2021\/12\/IMG_20211203_122235-1024x768.jpg 1024w, https:\/\/radiostudiow.com.br\/site\/wp-content\/uploads\/2021\/12\/IMG_20211203_122235-300x225.jpg 300w, https:\/\/radiostudiow.com.br\/site\/wp-content\/uploads\/2021\/12\/IMG_20211203_122235-768x576.jpg 768w, https:\/\/radiostudiow.com.br\/site\/wp-content\/uploads\/2021\/12\/IMG_20211203_122235-1536x1152.jpg 1536w, https:\/\/radiostudiow.com.br\/site\/wp-content\/uploads\/2021\/12\/IMG_20211203_122235-2048x1536.jpg 2048w\" sizes=\"auto, (max-width: 1024px) 100vw, 1024px\" \/><\/figure><\/li><\/ul><\/figure>\n\n\n\n<p><strong>Cap. QOPM Fabian Borges Ogura,<\/strong><br><em>Oficial Comunica\u00e7\u00e3o Social do 4\u00b0 CRPM<\/em><\/p>\n\n\n\n<p><strong><br>Cb. QPM 1-0 Patr\u00edcia Angelita Mazur,<\/strong><br><em>Auxiliar Comunica\u00e7\u00e3o Social do 4\u00b0 CRPM<\/em><\/p>\n\n\n\n<figure class=\"wp-block-image size-full\"><img decoding=\"async\" src=\"https:\/\/radiostudiow.com.br\/site\/wp-content\/uploads\/2021\/12\/181477924_4057871754271399_5028618028704236041_n.jpg\" alt=\"\" class=\"wp-image-4817\"\/><\/figure>\n","protected":false},"excerpt":{"rendered":"<p>Na \u00faltima sexta-feira, 03 de dezembro, a 1\u00aa Ten. QEOPM Gisl\u00e9ia, lotada na 8\u00aa CIPM e o 2\u00b0 Sgt. Maximillian, lotado na P\/3 do 4\u00b0 CRPM receberam na capital do Rio de Janeiro o pr\u00eamio do II Concurso Nacional de Artigos Cient\u00edficos para profissionais da seguran\u00e7a p\u00fablica. O artigo da Tenente Gisl\u00e9ia, com o t\u00edtulo [&hellip;]<\/p>\n","protected":false},"author":2,"featured_media":4833,"comment_status":"open","ping_status":"open","sticky":false,"template":"","format":"standard","meta":{"footnotes":""},"categories":[7],"tags":[172],"class_list":["post-4832","post","type-post","status-publish","format-standard","has-post-thumbnail","hentry","category-geral","tag-featured"],"amp_enabled":true,"_links":{"self":[{"href":"https:\/\/radiostudiow.com.br\/site\/wp-json\/wp\/v2\/posts\/4832","targetHints":{"allow":["GET"]}}],"collection":[{"href":"https:\/\/radiostudiow.com.br\/site\/wp-json\/wp\/v2\/posts"}],"about":[{"href":"https:\/\/radiostudiow.com.br\/site\/wp-json\/wp\/v2\/types\/post"}],"author":[{"embeddable":true,"href":"https:\/\/radiostudiow.com.br\/site\/wp-json\/wp\/v2\/users\/2"}],"replies":[{"embeddable":true,"href":"https:\/\/radiostudiow.com.br\/site\/wp-json\/wp\/v2\/comments?post=4832"}],"version-history":[{"count":2,"href":"https:\/\/radiostudiow.com.br\/site\/wp-json\/wp\/v2\/posts\/4832\/revisions"}],"predecessor-version":[{"id":4836,"href":"https:\/\/radiostudiow.com.br\/site\/wp-json\/wp\/v2\/posts\/4832\/revisions\/4836"}],"wp:featuredmedia":[{"embeddable":true,"href":"https:\/\/radiostudiow.com.br\/site\/wp-json\/wp\/v2\/media\/4833"}],"wp:attachment":[{"href":"https:\/\/radiostudiow.com.br\/site\/wp-json\/wp\/v2\/media?parent=4832"}],"wp:term":[{"taxonomy":"category","embeddable":true,"href":"https:\/\/radiostudiow.com.br\/site\/wp-json\/wp\/v2\/categories?post=4832"},{"taxonomy":"post_tag","embeddable":true,"href":"https:\/\/radiostudiow.com.br\/site\/wp-json\/wp\/v2\/tags?post=4832"}],"curies":[{"name":"wp","href":"https:\/\/api.w.org\/{rel}","templated":true}]}}