{"id":48345,"date":"2026-03-12T10:26:25","date_gmt":"2026-03-12T13:26:25","guid":{"rendered":"https:\/\/radiostudiow.com.br\/site\/?p=48345"},"modified":"2026-03-12T10:26:25","modified_gmt":"2026-03-12T13:26:25","slug":"policia-militar-prende-homem-por-agressao-aos-seus-familiares-e-por-desobediencia-e-resistencia-a-prisao-em-paula-freitas","status":"publish","type":"post","link":"https:\/\/radiostudiow.com.br\/site\/2026\/03\/12\/policia-militar-prende-homem-por-agressao-aos-seus-familiares-e-por-desobediencia-e-resistencia-a-prisao-em-paula-freitas\/","title":{"rendered":"Pol\u00edcia Militar prende homem por agress\u00e3o aos seus familiares e por desobedi\u00eancia e resist\u00eancia a pris\u00e3o em Paula Freitas"},"content":{"rendered":"\n<figure class=\"wp-block-image size-full\"><img loading=\"lazy\" decoding=\"async\" width=\"897\" height=\"204\" src=\"https:\/\/radiostudiow.com.br\/site\/wp-content\/uploads\/2025\/03\/BARAO-NOVO-NOTICIAS-1.jpg\" alt=\"\" class=\"wp-image-35084\" srcset=\"https:\/\/radiostudiow.com.br\/site\/wp-content\/uploads\/2025\/03\/BARAO-NOVO-NOTICIAS-1.jpg 897w, https:\/\/radiostudiow.com.br\/site\/wp-content\/uploads\/2025\/03\/BARAO-NOVO-NOTICIAS-1-300x68.jpg 300w, https:\/\/radiostudiow.com.br\/site\/wp-content\/uploads\/2025\/03\/BARAO-NOVO-NOTICIAS-1-768x175.jpg 768w\" sizes=\"auto, (max-width: 897px) 100vw, 897px\" \/><\/figure>\n\n\n\n<p>A equipe da Pol\u00edcia Militar da Paula Freitas foi acionada para atender a uma situa\u00e7\u00e3o em que um filho estaria agredindo seus pais na localidade de Col\u00f4nia Carazinho dos Andreios por volta das 16 horas dessa quarta-feira (11).<\/p>\n\n\n\n<p>No local, foi conversado com as v\u00edtimas, que confirmaram as agress\u00f5es. Diante dos fatos, foi tentada a abordagem do autor, por\u00e9m o masculino tentou agredir a equipe e empreender fuga, sendo necess\u00e1rio cont\u00ea-lo.<\/p>\n\n\n\n<p>Durante a busca, foi encontrado com o autor um simulacro de pistola e uma espingarda<\/p>\n\n\n\n<p>de press\u00e3o. Diante disso, ele recebeu voz de pris\u00e3o em flagrante pelas agress\u00f5es cometi-<br>das, bem como por desobedecer e resistir \u00e0 pris\u00e3o policial, sendo encaminhado \u00e0 delega-<br>cia para os procedimentos cab\u00edveis.<\/p>\n\n\n\n<figure class=\"wp-block-image size-full\"><img loading=\"lazy\" decoding=\"async\" width=\"598\" height=\"204\" src=\"https:\/\/radiostudiow.com.br\/site\/wp-content\/uploads\/2025\/05\/POLAK.png\" alt=\"\" class=\"wp-image-37847\" srcset=\"https:\/\/radiostudiow.com.br\/site\/wp-content\/uploads\/2025\/05\/POLAK.png 598w, https:\/\/radiostudiow.com.br\/site\/wp-content\/uploads\/2025\/05\/POLAK-300x102.png 300w\" sizes=\"auto, (max-width: 598px) 100vw, 598px\" \/><\/figure>\n","protected":false},"excerpt":{"rendered":"<p>A equipe da Pol\u00edcia Militar da Paula Freitas foi acionada para atender a uma situa\u00e7\u00e3o em que um filho estaria agredindo seus pais na localidade de Col\u00f4nia Carazinho dos Andreios por volta das 16 horas dessa quarta-feira (11). No local, foi conversado com as v\u00edtimas, que confirmaram as agress\u00f5es. Diante dos fatos, foi tentada a [&hellip;]<\/p>\n","protected":false},"author":2,"featured_media":48346,"comment_status":"open","ping_status":"open","sticky":false,"template":"","format":"standard","meta":{"footnotes":""},"categories":[2],"tags":[172],"class_list":["post-48345","post","type-post","status-publish","format-standard","has-post-thumbnail","hentry","category-policial","tag-featured"],"amp_enabled":true,"_links":{"self":[{"href":"https:\/\/radiostudiow.com.br\/site\/wp-json\/wp\/v2\/posts\/48345","targetHints":{"allow":["GET"]}}],"collection":[{"href":"https:\/\/radiostudiow.com.br\/site\/wp-json\/wp\/v2\/posts"}],"about":[{"href":"https:\/\/radiostudiow.com.br\/site\/wp-json\/wp\/v2\/types\/post"}],"author":[{"embeddable":true,"href":"https:\/\/radiostudiow.com.br\/site\/wp-json\/wp\/v2\/users\/2"}],"replies":[{"embeddable":true,"href":"https:\/\/radiostudiow.com.br\/site\/wp-json\/wp\/v2\/comments?post=48345"}],"version-history":[{"count":2,"href":"https:\/\/radiostudiow.com.br\/site\/wp-json\/wp\/v2\/posts\/48345\/revisions"}],"predecessor-version":[{"id":48348,"href":"https:\/\/radiostudiow.com.br\/site\/wp-json\/wp\/v2\/posts\/48345\/revisions\/48348"}],"wp:featuredmedia":[{"embeddable":true,"href":"https:\/\/radiostudiow.com.br\/site\/wp-json\/wp\/v2\/media\/48346"}],"wp:attachment":[{"href":"https:\/\/radiostudiow.com.br\/site\/wp-json\/wp\/v2\/media?parent=48345"}],"wp:term":[{"taxonomy":"category","embeddable":true,"href":"https:\/\/radiostudiow.com.br\/site\/wp-json\/wp\/v2\/categories?post=48345"},{"taxonomy":"post_tag","embeddable":true,"href":"https:\/\/radiostudiow.com.br\/site\/wp-json\/wp\/v2\/tags?post=48345"}],"curies":[{"name":"wp","href":"https:\/\/api.w.org\/{rel}","templated":true}]}}