{"id":48349,"date":"2026-03-12T10:43:31","date_gmt":"2026-03-12T13:43:31","guid":{"rendered":"https:\/\/radiostudiow.com.br\/site\/?p=48349"},"modified":"2026-03-12T10:43:31","modified_gmt":"2026-03-12T13:43:31","slug":"policia-militar-prende-homem-por-violencia-domestica-e-familiar-em-paula-freitas","status":"publish","type":"post","link":"https:\/\/radiostudiow.com.br\/site\/2026\/03\/12\/policia-militar-prende-homem-por-violencia-domestica-e-familiar-em-paula-freitas\/","title":{"rendered":"Pol\u00edcia Militar prende homem por viol\u00eancia dom\u00e9stica e familiar em Paula Freitas"},"content":{"rendered":"\n<figure class=\"wp-block-image size-full\"><img loading=\"lazy\" decoding=\"async\" width=\"897\" height=\"204\" src=\"https:\/\/radiostudiow.com.br\/site\/wp-content\/uploads\/2025\/03\/image-62.png\" alt=\"\" class=\"wp-image-35859\" srcset=\"https:\/\/radiostudiow.com.br\/site\/wp-content\/uploads\/2025\/03\/image-62.png 897w, https:\/\/radiostudiow.com.br\/site\/wp-content\/uploads\/2025\/03\/image-62-300x68.png 300w, https:\/\/radiostudiow.com.br\/site\/wp-content\/uploads\/2025\/03\/image-62-768x175.png 768w\" sizes=\"auto, (max-width: 897px) 100vw, 897px\" \/><\/figure>\n\n\n\n<p>Um homem compareceu ao destacamento da Pol\u00edcia Militar de Paula Freitas relatando que, durante uma discuss\u00e3o com sua convivente, perdeu a cabe\u00e7a e a agrediu fisicamente.<\/p>\n\n\n\n<p>A situa\u00e7\u00e3o ocorreu na \u00e1rea rural por volta das 00h50min desta quinta-feira (12).<\/p>\n\n\n\n<p>O homem apresentava escoria\u00e7\u00f5es decorrentes da briga. Em seguida, a equipe recebeu informa\u00e7\u00e3o de que a v\u00edtima estava ferida em raz\u00e3o das agress\u00f5es.<\/p>\n\n\n\n<p>O autor recebeu voz de pris\u00e3o, foi cientificado de seus direitos constitucionais e diante dos fatos, ambas as partes foram conduzidas para atendimento m\u00e9dico e, posteriormente, \u00e0 4\u00aa SDP para provid\u00eancias legais cab\u00edveis.<\/p>\n\n\n\n<figure class=\"wp-block-gallery has-nested-images columns-default is-cropped wp-block-gallery-1 is-layout-flex wp-block-gallery-is-layout-flex\">\n<figure class=\"wp-block-image size-large\"><img decoding=\"async\" data-id=\"44123\" src=\"https:\/\/radiostudiow.com.br\/site\/wp-content\/uploads\/2025\/10\/SUPREMA-BARBA.png\" alt=\"\" class=\"wp-image-44123\"\/><\/figure>\n\n\n\n<figure class=\"wp-block-image size-large\"><img loading=\"lazy\" decoding=\"async\" width=\"300\" height=\"180\" data-id=\"41962\" src=\"https:\/\/radiostudiow.com.br\/site\/wp-content\/uploads\/2025\/08\/LILO.png\" alt=\"\" class=\"wp-image-41962\"\/><\/figure>\n<\/figure>\n","protected":false},"excerpt":{"rendered":"<p>Um homem compareceu ao destacamento da Pol\u00edcia Militar de Paula Freitas relatando que, durante uma discuss\u00e3o com sua convivente, perdeu a cabe\u00e7a e a agrediu fisicamente. A situa\u00e7\u00e3o ocorreu na \u00e1rea rural por volta das 00h50min desta quinta-feira (12). O homem apresentava escoria\u00e7\u00f5es decorrentes da briga. Em seguida, a equipe recebeu informa\u00e7\u00e3o de que a [&hellip;]<\/p>\n","protected":false},"author":2,"featured_media":32757,"comment_status":"open","ping_status":"open","sticky":false,"template":"","format":"standard","meta":{"footnotes":""},"categories":[2],"tags":[172],"class_list":["post-48349","post","type-post","status-publish","format-standard","has-post-thumbnail","hentry","category-policial","tag-featured"],"amp_enabled":true,"_links":{"self":[{"href":"https:\/\/radiostudiow.com.br\/site\/wp-json\/wp\/v2\/posts\/48349","targetHints":{"allow":["GET"]}}],"collection":[{"href":"https:\/\/radiostudiow.com.br\/site\/wp-json\/wp\/v2\/posts"}],"about":[{"href":"https:\/\/radiostudiow.com.br\/site\/wp-json\/wp\/v2\/types\/post"}],"author":[{"embeddable":true,"href":"https:\/\/radiostudiow.com.br\/site\/wp-json\/wp\/v2\/users\/2"}],"replies":[{"embeddable":true,"href":"https:\/\/radiostudiow.com.br\/site\/wp-json\/wp\/v2\/comments?post=48349"}],"version-history":[{"count":2,"href":"https:\/\/radiostudiow.com.br\/site\/wp-json\/wp\/v2\/posts\/48349\/revisions"}],"predecessor-version":[{"id":48351,"href":"https:\/\/radiostudiow.com.br\/site\/wp-json\/wp\/v2\/posts\/48349\/revisions\/48351"}],"wp:featuredmedia":[{"embeddable":true,"href":"https:\/\/radiostudiow.com.br\/site\/wp-json\/wp\/v2\/media\/32757"}],"wp:attachment":[{"href":"https:\/\/radiostudiow.com.br\/site\/wp-json\/wp\/v2\/media?parent=48349"}],"wp:term":[{"taxonomy":"category","embeddable":true,"href":"https:\/\/radiostudiow.com.br\/site\/wp-json\/wp\/v2\/categories?post=48349"},{"taxonomy":"post_tag","embeddable":true,"href":"https:\/\/radiostudiow.com.br\/site\/wp-json\/wp\/v2\/tags?post=48349"}],"curies":[{"name":"wp","href":"https:\/\/api.w.org\/{rel}","templated":true}]}}