{"id":48360,"date":"2026-03-12T11:24:38","date_gmt":"2026-03-12T14:24:38","guid":{"rendered":"https:\/\/radiostudiow.com.br\/site\/?p=48360"},"modified":"2026-03-12T11:24:39","modified_gmt":"2026-03-12T14:24:39","slug":"jovens-ficam-feridos-apos-capotamento-em-acesso-a-irineopolis","status":"publish","type":"post","link":"https:\/\/radiostudiow.com.br\/site\/2026\/03\/12\/jovens-ficam-feridos-apos-capotamento-em-acesso-a-irineopolis\/","title":{"rendered":"Jovens ficam feridos ap\u00f3s capotamento em acesso a Irine\u00f3polis"},"content":{"rendered":"\n<p>Um acidente de tr\u00e2nsito do tipo sa\u00edda de pista seguida de capotamento na rodovia\u00a0SC-460 de acesso principal ao munic\u00edpio de Irine\u00f3polis foi registrada por volta das 18h09min desta quarta-feira (11), mobilizou o Corpo de Bombeiros Militar. <\/p>\n\n\n\n<p>As guarni\u00e7\u00f5es foram acionadas via COBOM e, ao chegarem no local, encontraram um ve\u00edculo&nbsp;Fiat Palio de cor preta&nbsp;capotado fora da pista de rolamento. Duas pessoas foram socorridas pelas equipes de emerg\u00eancia.<\/p>\n\n\n\n<figure class=\"wp-block-gallery has-nested-images columns-default is-cropped wp-block-gallery-1 is-layout-flex wp-block-gallery-is-layout-flex\">\n<figure class=\"wp-block-image size-large\"><img loading=\"lazy\" decoding=\"async\" width=\"1024\" height=\"591\" data-id=\"42859\" src=\"https:\/\/radiostudiow.com.br\/site\/wp-content\/uploads\/2025\/09\/CASA-DO-CRIADOR.png\" alt=\"\" class=\"wp-image-42859\" srcset=\"https:\/\/radiostudiow.com.br\/site\/wp-content\/uploads\/2025\/09\/CASA-DO-CRIADOR.png 1024w, https:\/\/radiostudiow.com.br\/site\/wp-content\/uploads\/2025\/09\/CASA-DO-CRIADOR-300x173.png 300w, https:\/\/radiostudiow.com.br\/site\/wp-content\/uploads\/2025\/09\/CASA-DO-CRIADOR-768x443.png 768w\" sizes=\"auto, (max-width: 1024px) 100vw, 1024px\" \/><\/figure>\n\n\n\n<figure class=\"wp-block-image size-large\"><img loading=\"lazy\" decoding=\"async\" width=\"1024\" height=\"591\" data-id=\"42556\" src=\"https:\/\/radiostudiow.com.br\/site\/wp-content\/uploads\/2025\/09\/image-61.png\" alt=\"\" class=\"wp-image-42556\" srcset=\"https:\/\/radiostudiow.com.br\/site\/wp-content\/uploads\/2025\/09\/image-61.png 1024w, https:\/\/radiostudiow.com.br\/site\/wp-content\/uploads\/2025\/09\/image-61-300x173.png 300w, https:\/\/radiostudiow.com.br\/site\/wp-content\/uploads\/2025\/09\/image-61-768x443.png 768w\" sizes=\"auto, (max-width: 1024px) 100vw, 1024px\" \/><\/figure>\n<\/figure>\n\n\n\n<p>Uma jovem de 18 anos, que foi encontrada caminhando pela cena do acidente. Ela apresentava escoria\u00e7\u00f5es no bra\u00e7o esquerdo e no rosto, na regi\u00e3o da orelha. Ap\u00f3s os primeiros socorros, foi levada ao hospital local para avalia\u00e7\u00e3o. O condutor de 19 anos um jovem, que estava ca\u00eddo de costas (dec\u00fabito dorsal), consciente e orientado. Ele relatava dores intensas no ombro direito e na regi\u00e3o do t\u00f3rax.<\/p>\n\n\n\n<p>Seguindo os protocolos de Atendimento Pr\u00e9-Hospitalar, o jovem foi imobilizado e transportado pela equipe de resgate ao&nbsp;Hospital S\u00e3o Braz, em Porto Uni\u00e3o, para exames detalhados.<\/p>\n\n\n\n<p>A Pol\u00edcia Rodovi\u00e1ria foi informada sobre o ocorrido para realizar os levantamentos necess\u00e1rios e a retirada do ve\u00edculo do local.<\/p>\n\n\n\n<figure class=\"wp-block-image size-full\"><img loading=\"lazy\" decoding=\"async\" width=\"450\" height=\"600\" src=\"https:\/\/radiostudiow.com.br\/site\/wp-content\/uploads\/2026\/03\/image-17.png\" alt=\"\" class=\"wp-image-48361\" srcset=\"https:\/\/radiostudiow.com.br\/site\/wp-content\/uploads\/2026\/03\/image-17.png 450w, https:\/\/radiostudiow.com.br\/site\/wp-content\/uploads\/2026\/03\/image-17-225x300.png 225w\" sizes=\"auto, (max-width: 450px) 100vw, 450px\" \/><figcaption class=\"wp-element-caption\"><em>Divulga\u00e7\u00e3o Bombeiros<br><\/em><\/figcaption><\/figure>\n\n\n\n<p><\/p>\n","protected":false},"excerpt":{"rendered":"<p>Um acidente de tr\u00e2nsito do tipo sa\u00edda de pista seguida de capotamento na rodovia\u00a0SC-460 de acesso principal ao munic\u00edpio de Irine\u00f3polis foi registrada por volta das 18h09min desta quarta-feira (11), mobilizou o Corpo de Bombeiros Militar. As guarni\u00e7\u00f5es foram acionadas via COBOM e, ao chegarem no local, encontraram um ve\u00edculo&nbsp;Fiat Palio de cor preta&nbsp;capotado fora [&hellip;]<\/p>\n","protected":false},"author":2,"featured_media":48362,"comment_status":"open","ping_status":"open","sticky":false,"template":"","format":"standard","meta":{"footnotes":""},"categories":[185],"tags":[172],"class_list":["post-48360","post","type-post","status-publish","format-standard","has-post-thumbnail","hentry","category-regional","tag-featured"],"amp_enabled":true,"_links":{"self":[{"href":"https:\/\/radiostudiow.com.br\/site\/wp-json\/wp\/v2\/posts\/48360","targetHints":{"allow":["GET"]}}],"collection":[{"href":"https:\/\/radiostudiow.com.br\/site\/wp-json\/wp\/v2\/posts"}],"about":[{"href":"https:\/\/radiostudiow.com.br\/site\/wp-json\/wp\/v2\/types\/post"}],"author":[{"embeddable":true,"href":"https:\/\/radiostudiow.com.br\/site\/wp-json\/wp\/v2\/users\/2"}],"replies":[{"embeddable":true,"href":"https:\/\/radiostudiow.com.br\/site\/wp-json\/wp\/v2\/comments?post=48360"}],"version-history":[{"count":2,"href":"https:\/\/radiostudiow.com.br\/site\/wp-json\/wp\/v2\/posts\/48360\/revisions"}],"predecessor-version":[{"id":48369,"href":"https:\/\/radiostudiow.com.br\/site\/wp-json\/wp\/v2\/posts\/48360\/revisions\/48369"}],"wp:featuredmedia":[{"embeddable":true,"href":"https:\/\/radiostudiow.com.br\/site\/wp-json\/wp\/v2\/media\/48362"}],"wp:attachment":[{"href":"https:\/\/radiostudiow.com.br\/site\/wp-json\/wp\/v2\/media?parent=48360"}],"wp:term":[{"taxonomy":"category","embeddable":true,"href":"https:\/\/radiostudiow.com.br\/site\/wp-json\/wp\/v2\/categories?post=48360"},{"taxonomy":"post_tag","embeddable":true,"href":"https:\/\/radiostudiow.com.br\/site\/wp-json\/wp\/v2\/tags?post=48360"}],"curies":[{"name":"wp","href":"https:\/\/api.w.org\/{rel}","templated":true}]}}