{"id":48364,"date":"2026-03-12T16:30:54","date_gmt":"2026-03-12T19:30:54","guid":{"rendered":"https:\/\/radiostudiow.com.br\/site\/?p=48364"},"modified":"2026-03-12T17:57:26","modified_gmt":"2026-03-12T20:57:26","slug":"homem-e-encontrado-morto-em-grade-de-residencia-em-irati","status":"publish","type":"post","link":"https:\/\/radiostudiow.com.br\/site\/2026\/03\/12\/homem-e-encontrado-morto-em-grade-de-residencia-em-irati\/","title":{"rendered":"Homem \u00e9 encontrado morto preso em gradil de resid\u00eancia em Irati"},"content":{"rendered":"\n<p><em>V\u00edtima foi identificada como Dirlei Drewnicki, de 50 anos, morador do local<\/em><\/p>\n\n\n\n<p>Um homem de 50 anos foi encontrado morto na manh\u00e3 desta quinta-feira (12), ap\u00f3s ficar preso no gradil de uma resid\u00eancia no munic\u00edpio de Irati.<\/p>\n\n\n\n<p>A v\u00edtima foi identificada como Dirlei Drewnicki, morador da casa onde o corpo foi localizado.<\/p>\n\n\n\n<p>Equipes da Pol\u00edcia Militar e do Servi\u00e7o de Atendimento M\u00f3vel de Urg\u00eancia (SAMU) estiveram no local da ocorr\u00eancia. Ap\u00f3s os procedimentos, o corpo foi recolhido pelo Instituto M\u00e9dico Legal (IML).<\/p>\n\n\n\n<figure class=\"wp-block-gallery has-nested-images columns-default is-cropped wp-block-gallery-1 is-layout-flex wp-block-gallery-is-layout-flex\">\n<figure class=\"wp-block-image size-large\"><img loading=\"lazy\" decoding=\"async\" width=\"300\" height=\"180\" data-id=\"37219\" src=\"https:\/\/radiostudiow.com.br\/site\/wp-content\/uploads\/2025\/04\/AGRODU.png\" alt=\"\" class=\"wp-image-37219\"\/><\/figure>\n\n\n\n<figure class=\"wp-block-image size-large\"><img loading=\"lazy\" decoding=\"async\" width=\"300\" height=\"180\" data-id=\"38014\" src=\"https:\/\/radiostudiow.com.br\/site\/wp-content\/uploads\/2025\/05\/VANE.png\" alt=\"\" class=\"wp-image-38014\"\/><\/figure>\n<\/figure>\n\n\n\n<h2 class=\"wp-block-heading\">Nota de falecimento<\/h2>\n\n\n\n<p>O corpo est\u00e1 sendo transladado e o vel\u00f3rio ser\u00e1 realizado na Capela Santa Rita, com previs\u00e3o de in\u00edcio a partir das 20 horas desta quinta-feira.<\/p>\n\n\n\n<p>O sepultamento est\u00e1 previsto para sexta-feira (13), no Cemit\u00e9rio da Vila S\u00e3o Jo\u00e3o, em hor\u00e1rio que ainda ser\u00e1 definido pela fam\u00edlia. <\/p>\n\n\n\n<p>Mat\u00e9ria: Rep\u00f3rter Kiko de Oliveira<br>Imagem Rede Social<\/p>\n","protected":false},"excerpt":{"rendered":"<p>V\u00edtima foi identificada como Dirlei Drewnicki, de 50 anos, morador do local Um homem de 50 anos foi encontrado morto na manh\u00e3 desta quinta-feira (12), ap\u00f3s ficar preso no gradil de uma resid\u00eancia no munic\u00edpio de Irati. A v\u00edtima foi identificada como Dirlei Drewnicki, morador da casa onde o corpo foi localizado. Equipes da Pol\u00edcia [&hellip;]<\/p>\n","protected":false},"author":2,"featured_media":48365,"comment_status":"open","ping_status":"open","sticky":false,"template":"","format":"standard","meta":{"footnotes":""},"categories":[2],"tags":[172],"class_list":["post-48364","post","type-post","status-publish","format-standard","has-post-thumbnail","hentry","category-policial","tag-featured"],"amp_enabled":true,"_links":{"self":[{"href":"https:\/\/radiostudiow.com.br\/site\/wp-json\/wp\/v2\/posts\/48364","targetHints":{"allow":["GET"]}}],"collection":[{"href":"https:\/\/radiostudiow.com.br\/site\/wp-json\/wp\/v2\/posts"}],"about":[{"href":"https:\/\/radiostudiow.com.br\/site\/wp-json\/wp\/v2\/types\/post"}],"author":[{"embeddable":true,"href":"https:\/\/radiostudiow.com.br\/site\/wp-json\/wp\/v2\/users\/2"}],"replies":[{"embeddable":true,"href":"https:\/\/radiostudiow.com.br\/site\/wp-json\/wp\/v2\/comments?post=48364"}],"version-history":[{"count":4,"href":"https:\/\/radiostudiow.com.br\/site\/wp-json\/wp\/v2\/posts\/48364\/revisions"}],"predecessor-version":[{"id":48389,"href":"https:\/\/radiostudiow.com.br\/site\/wp-json\/wp\/v2\/posts\/48364\/revisions\/48389"}],"wp:featuredmedia":[{"embeddable":true,"href":"https:\/\/radiostudiow.com.br\/site\/wp-json\/wp\/v2\/media\/48365"}],"wp:attachment":[{"href":"https:\/\/radiostudiow.com.br\/site\/wp-json\/wp\/v2\/media?parent=48364"}],"wp:term":[{"taxonomy":"category","embeddable":true,"href":"https:\/\/radiostudiow.com.br\/site\/wp-json\/wp\/v2\/categories?post=48364"},{"taxonomy":"post_tag","embeddable":true,"href":"https:\/\/radiostudiow.com.br\/site\/wp-json\/wp\/v2\/tags?post=48364"}],"curies":[{"name":"wp","href":"https:\/\/api.w.org\/{rel}","templated":true}]}}