{"id":48370,"date":"2026-03-12T11:32:13","date_gmt":"2026-03-12T14:32:13","guid":{"rendered":"https:\/\/radiostudiow.com.br\/site\/?p=48370"},"modified":"2026-03-12T12:10:29","modified_gmt":"2026-03-12T15:10:29","slug":"tribunal-do-juri-julga-caso-de-tentativa-de-homicidio-ocorrido-em-2023-em-mallet","status":"publish","type":"post","link":"https:\/\/radiostudiow.com.br\/site\/2026\/03\/12\/tribunal-do-juri-julga-caso-de-tentativa-de-homicidio-ocorrido-em-2023-em-mallet\/","title":{"rendered":"Tribunal do J\u00fari julga caso de tentativa de homic\u00eddio ocorrido em 2023 em Mallet"},"content":{"rendered":"\n<figure class=\"wp-block-image size-full\"><img loading=\"lazy\" decoding=\"async\" width=\"897\" height=\"204\" src=\"https:\/\/radiostudiow.com.br\/site\/wp-content\/uploads\/2025\/03\/BARAO-NOVO-NOTICIAS-1.jpg\" alt=\"\" class=\"wp-image-35084\" srcset=\"https:\/\/radiostudiow.com.br\/site\/wp-content\/uploads\/2025\/03\/BARAO-NOVO-NOTICIAS-1.jpg 897w, https:\/\/radiostudiow.com.br\/site\/wp-content\/uploads\/2025\/03\/BARAO-NOVO-NOTICIAS-1-300x68.jpg 300w, https:\/\/radiostudiow.com.br\/site\/wp-content\/uploads\/2025\/03\/BARAO-NOVO-NOTICIAS-1-768x175.jpg 768w\" sizes=\"auto, (max-width: 897px) 100vw, 897px\" \/><\/figure>\n\n\n\n<p><\/p>\n\n\n\n<p>Est\u00e1 acontecendo hoje quinta-feira dia 12 de mar\u00e7o no F\u00f3rum Desembargador Jos\u00e9 Henrique de Santa Rita, em Mallet, o julgamento do caso de tentativa de homic\u00eddio ocorrido no munic\u00edpio no ano de 2023.<br>De acordo com den\u00fancia apresentada pelo Minist\u00e9rio P\u00fablico do Estado do Paran\u00e1, o r\u00e9u Rivaldo Junior de Oliveira \u00e9 acusado de tentar matar Lu\u00eds Matheus Pessi Szczypkoski.<\/p>\n\n\n\n<p>Conforme consta na den\u00fancia, o fato teria ocorrido no dia 21 de setembro de 2023, por volta das 23h08, na Avenida Jo\u00e3o Pessoa, na regi\u00e3o central de Mallet, nas proximidades da C\u00e2mara de Vereadores. Na ocasi\u00e3o, o acusado teria desferido golpes com uma arma branca contra a v\u00edtima.<\/p>\n\n\n\n<p>O caso esta sendo analisado pelo Tribunal do J\u00fari composto por 7 pessoas que foram sorteadas.<br>Entre os sorteados foram escolhidos pela defesa e pelo minist\u00e9rio p\u00fablico 6 mulheres e 1 homem.<br>Pela manh\u00e3 est\u00e3o sendo ouvidos a v\u00edtima, os envolvidos na briga o acusado e testemunhas .<\/p>\n\n\n\n<p>Durante a sess\u00e3o, os jurados ir\u00e3o avaliar as provas e os argumentos apresentados tanto pela acusa\u00e7\u00e3o quanto pela defesa antes de chegar a uma decis\u00e3o.<\/p>\n\n\n\n<p><strong>A tarde acontecer\u00e1 os debates at\u00e9 a divulga\u00e7\u00e3o da senten\u00e7a.<\/strong><\/p>\n\n\n\n<p>Vale lembrar que a legisla\u00e7\u00e3o brasileira assegura ao acusado o direito \u00e0 presun\u00e7\u00e3o de inoc\u00eancia at\u00e9 que haja uma decis\u00e3o definitiva da Justi\u00e7a.<\/p>\n\n\n\n<figure class=\"wp-block-image size-full\"><img loading=\"lazy\" decoding=\"async\" width=\"897\" height=\"204\" src=\"https:\/\/radiostudiow.com.br\/site\/wp-content\/uploads\/2025\/03\/image-62.png\" alt=\"\" class=\"wp-image-35859\" srcset=\"https:\/\/radiostudiow.com.br\/site\/wp-content\/uploads\/2025\/03\/image-62.png 897w, https:\/\/radiostudiow.com.br\/site\/wp-content\/uploads\/2025\/03\/image-62-300x68.png 300w, https:\/\/radiostudiow.com.br\/site\/wp-content\/uploads\/2025\/03\/image-62-768x175.png 768w\" sizes=\"auto, (max-width: 897px) 100vw, 897px\" \/><\/figure>\n\n\n\n<p><\/p>\n\n\n\n<h2 class=\"wp-block-heading\">Julgamento de tentativa de homic\u00eddio ocorrido em 2023 \u00e9 acompanhado pela reportagem da Studio W em Mallet<\/h2>\n\n\n\n<p><\/p>\n\n\n\n<p>A equipe de reportagem da Studio W acompanha nesta quinta-feira (12) o julgamento de um caso de tentativa de homic\u00eddio registrado no munic\u00edpio de Mallet no ano de 2023. A sess\u00e3o ocorre no F\u00f3rum Desembargador Jos\u00e9 Henrique de Santa Rita e \u00e9 conduzida por meio do Tribunal do J\u00fari.<\/p>\n\n\n\n<p>De acordo com den\u00fancia apresentada pelo Minist\u00e9rio P\u00fablico do Estado do Paran\u00e1, o r\u00e9u Rivaldo Junior de Oliveira \u00e9 acusado de tentar matar Lu\u00eds Matheus Pessi Szczypkoski.<\/p>\n\n\n\n<p>Conforme consta na den\u00fancia, o fato teria ocorrido no dia 21 de setembro de 2023, por volta das 23h08, na Avenida Jo\u00e3o Pessoa, na regi\u00e3o central de Mallet, nas proximidades da C\u00e2mara de Vereadores. Na ocasi\u00e3o, o acusado teria desferido golpes com uma arma branca contra a v\u00edtima.<\/p>\n\n\n\n<p>O caso est\u00e1 sendo analisado pelo Tribunal do J\u00fari, composto por sete jurados sorteados. Entre os selecionados, foram definidos seis mulheres e um homem para integrar o conselho de senten\u00e7a, ap\u00f3s as escolhas realizadas pela defesa e pela acusa\u00e7\u00e3o.<\/p>\n\n\n\n<p><\/p>\n\n\n\n<figure class=\"wp-block-image size-large\"><img loading=\"lazy\" decoding=\"async\" width=\"1024\" height=\"576\" src=\"https:\/\/radiostudiow.com.br\/site\/wp-content\/uploads\/2026\/03\/WhatsApp-Image-2026-03-12-at-11.46.21-1024x576.jpeg\" alt=\"\" class=\"wp-image-48377\" srcset=\"https:\/\/radiostudiow.com.br\/site\/wp-content\/uploads\/2026\/03\/WhatsApp-Image-2026-03-12-at-11.46.21-1024x576.jpeg 1024w, https:\/\/radiostudiow.com.br\/site\/wp-content\/uploads\/2026\/03\/WhatsApp-Image-2026-03-12-at-11.46.21-300x169.jpeg 300w, https:\/\/radiostudiow.com.br\/site\/wp-content\/uploads\/2026\/03\/WhatsApp-Image-2026-03-12-at-11.46.21-768x432.jpeg 768w, https:\/\/radiostudiow.com.br\/site\/wp-content\/uploads\/2026\/03\/WhatsApp-Image-2026-03-12-at-11.46.21-1536x864.jpeg 1536w, https:\/\/radiostudiow.com.br\/site\/wp-content\/uploads\/2026\/03\/WhatsApp-Image-2026-03-12-at-11.46.21.jpeg 1600w\" sizes=\"auto, (max-width: 1024px) 100vw, 1024px\" \/><\/figure>\n\n\n\n<p><\/p>\n\n\n\n<figure class=\"wp-block-image size-full\"><img loading=\"lazy\" decoding=\"async\" width=\"731\" height=\"204\" src=\"https:\/\/radiostudiow.com.br\/site\/wp-content\/uploads\/2026\/01\/pax-2026.png\" alt=\"\" class=\"wp-image-46172\" srcset=\"https:\/\/radiostudiow.com.br\/site\/wp-content\/uploads\/2026\/01\/pax-2026.png 731w, https:\/\/radiostudiow.com.br\/site\/wp-content\/uploads\/2026\/01\/pax-2026-300x84.png 300w\" sizes=\"auto, (max-width: 731px) 100vw, 731px\" \/><\/figure>\n\n\n\n<p><\/p>\n\n\n\n<figure class=\"wp-block-image size-large\"><img loading=\"lazy\" decoding=\"async\" width=\"1024\" height=\"590\" src=\"https:\/\/radiostudiow.com.br\/site\/wp-content\/uploads\/2026\/03\/WhatsApp-Image-2026-03-12-at-11.42.40-1024x590.jpeg\" alt=\"\" class=\"wp-image-48375\" srcset=\"https:\/\/radiostudiow.com.br\/site\/wp-content\/uploads\/2026\/03\/WhatsApp-Image-2026-03-12-at-11.42.40-1024x590.jpeg 1024w, https:\/\/radiostudiow.com.br\/site\/wp-content\/uploads\/2026\/03\/WhatsApp-Image-2026-03-12-at-11.42.40-300x173.jpeg 300w, https:\/\/radiostudiow.com.br\/site\/wp-content\/uploads\/2026\/03\/WhatsApp-Image-2026-03-12-at-11.42.40-768x442.jpeg 768w, https:\/\/radiostudiow.com.br\/site\/wp-content\/uploads\/2026\/03\/WhatsApp-Image-2026-03-12-at-11.42.40.jpeg 1186w\" sizes=\"auto, (max-width: 1024px) 100vw, 1024px\" \/><\/figure>\n\n\n\n<p><\/p>\n\n\n\n<p>Durante o per\u00edodo da manh\u00e3 est\u00e3o sendo ouvidos a v\u00edtima, o acusado, pessoas envolvidas na ocorr\u00eancia e testemunhas relacionadas ao caso. Na parte da tarde devem ocorrer os debates entre acusa\u00e7\u00e3o e defesa, etapa em que ambas as partes apresentam seus argumentos finais antes da decis\u00e3o dos jurados.<\/p>\n\n\n\n<p>Ap\u00f3s a fase de debates, os jurados ir\u00e3o se reunir para analisar as provas e os argumentos apresentados durante o julgamento e, posteriormente, ser\u00e1 divulgada a senten\u00e7a.<\/p>\n\n\n\n<p>A equipe da Studio W TV permanece no f\u00f3rum acompanhando o andamento da sess\u00e3o e trar\u00e1 atualiza\u00e7\u00f5es ao longo do dia com informa\u00e7\u00f5es sobre o julgamento.<\/p>\n\n\n\n<p>Vale lembrar que a legisla\u00e7\u00e3o brasileira garante ao acusado o direito \u00e0 presun\u00e7\u00e3o de inoc\u00eancia, princ\u00edpio previsto na Constitui\u00e7\u00e3o Federal do Brasil, assegurando que ningu\u00e9m seja considerado culpado at\u00e9 que haja decis\u00e3o definitiva da Justi\u00e7a.<\/p>\n\n\n\n<p><\/p>\n","protected":false},"excerpt":{"rendered":"<p>Est\u00e1 acontecendo hoje quinta-feira dia 12 de mar\u00e7o no F\u00f3rum Desembargador Jos\u00e9 Henrique de Santa Rita, em Mallet, o julgamento do caso de tentativa de homic\u00eddio ocorrido no munic\u00edpio no ano de 2023.De acordo com den\u00fancia apresentada pelo Minist\u00e9rio P\u00fablico do Estado do Paran\u00e1, o r\u00e9u Rivaldo Junior de Oliveira \u00e9 acusado de tentar matar [&hellip;]<\/p>\n","protected":false},"author":2,"featured_media":48371,"comment_status":"open","ping_status":"open","sticky":false,"template":"","format":"standard","meta":{"footnotes":""},"categories":[2],"tags":[172],"class_list":["post-48370","post","type-post","status-publish","format-standard","has-post-thumbnail","hentry","category-policial","tag-featured"],"amp_enabled":true,"_links":{"self":[{"href":"https:\/\/radiostudiow.com.br\/site\/wp-json\/wp\/v2\/posts\/48370","targetHints":{"allow":["GET"]}}],"collection":[{"href":"https:\/\/radiostudiow.com.br\/site\/wp-json\/wp\/v2\/posts"}],"about":[{"href":"https:\/\/radiostudiow.com.br\/site\/wp-json\/wp\/v2\/types\/post"}],"author":[{"embeddable":true,"href":"https:\/\/radiostudiow.com.br\/site\/wp-json\/wp\/v2\/users\/2"}],"replies":[{"embeddable":true,"href":"https:\/\/radiostudiow.com.br\/site\/wp-json\/wp\/v2\/comments?post=48370"}],"version-history":[{"count":3,"href":"https:\/\/radiostudiow.com.br\/site\/wp-json\/wp\/v2\/posts\/48370\/revisions"}],"predecessor-version":[{"id":48379,"href":"https:\/\/radiostudiow.com.br\/site\/wp-json\/wp\/v2\/posts\/48370\/revisions\/48379"}],"wp:featuredmedia":[{"embeddable":true,"href":"https:\/\/radiostudiow.com.br\/site\/wp-json\/wp\/v2\/media\/48371"}],"wp:attachment":[{"href":"https:\/\/radiostudiow.com.br\/site\/wp-json\/wp\/v2\/media?parent=48370"}],"wp:term":[{"taxonomy":"category","embeddable":true,"href":"https:\/\/radiostudiow.com.br\/site\/wp-json\/wp\/v2\/categories?post=48370"},{"taxonomy":"post_tag","embeddable":true,"href":"https:\/\/radiostudiow.com.br\/site\/wp-json\/wp\/v2\/tags?post=48370"}],"curies":[{"name":"wp","href":"https:\/\/api.w.org\/{rel}","templated":true}]}}