{"id":48382,"date":"2026-03-12T16:53:38","date_gmt":"2026-03-12T19:53:38","guid":{"rendered":"https:\/\/radiostudiow.com.br\/site\/?p=48382"},"modified":"2026-03-12T16:53:39","modified_gmt":"2026-03-12T19:53:39","slug":"acidente-entre-carros-causa-lentidao-no-centro-de-uniao-da-vitoria","status":"publish","type":"post","link":"https:\/\/radiostudiow.com.br\/site\/2026\/03\/12\/acidente-entre-carros-causa-lentidao-no-centro-de-uniao-da-vitoria\/","title":{"rendered":"Acidente entre carros causa lentid\u00e3o no Centro de Uni\u00e3o da Vit\u00f3ria"},"content":{"rendered":"\n<p>Um acidente de tr\u00e2nsito provocou lentid\u00e3o no tr\u00e1fego no Centro de Uni\u00e3o da Vit\u00f3ria no cruzamento das ruas Professora Amaz\u00edlia e Professor Cleto registrado por volta das 11h50min desta quinta-feira (12).<\/p>\n\n\n\n<p>De acordo com as informa\u00e7\u00f5es apuradas no local, o acidente envolveu um Chevrolet Onix branco, com placas no padr\u00e3o Mercosul, e um Hyundai HB20 vermelho, emplacado em Uni\u00e3o da Vit\u00f3ria.<\/p>\n\n\n\n<figure class=\"wp-block-image size-full\"><img loading=\"lazy\" decoding=\"async\" width=\"731\" height=\"204\" src=\"https:\/\/radiostudiow.com.br\/site\/wp-content\/uploads\/2026\/01\/BARROS-2026.png\" alt=\"\" class=\"wp-image-46173\" srcset=\"https:\/\/radiostudiow.com.br\/site\/wp-content\/uploads\/2026\/01\/BARROS-2026.png 731w, https:\/\/radiostudiow.com.br\/site\/wp-content\/uploads\/2026\/01\/BARROS-2026-300x84.png 300w\" sizes=\"auto, (max-width: 731px) 100vw, 731px\" \/><\/figure>\n\n\n\n<p>No momento da batida, chovia na regi\u00e3o. Al\u00e9m disso, por se tratar de hor\u00e1rio de maior movimento, o fluxo de ve\u00edculos que j\u00e1 costuma ser intenso naquele ponto ficou ainda mais lento.<\/p>\n\n\n\n<p>Ap\u00f3s o impacto, os dois autom\u00f3veis permaneceram sobre a pista e ocuparam parte da via, o que contribuiu para a forma\u00e7\u00e3o de filas at\u00e9 a retirada dos ve\u00edculos.<\/p>\n\n\n\n<p>Apesar dos danos materiais registrados nos carros, ningu\u00e9m ficou ferido. Uma equipe da Pol\u00edcia Militar esteve no local para atender a ocorr\u00eancia e realizar o registro do boletim.<\/p>\n","protected":false},"excerpt":{"rendered":"<p>Um acidente de tr\u00e2nsito provocou lentid\u00e3o no tr\u00e1fego no Centro de Uni\u00e3o da Vit\u00f3ria no cruzamento das ruas Professora Amaz\u00edlia e Professor Cleto registrado por volta das 11h50min desta quinta-feira (12). De acordo com as informa\u00e7\u00f5es apuradas no local, o acidente envolveu um Chevrolet Onix branco, com placas no padr\u00e3o Mercosul, e um Hyundai HB20 [&hellip;]<\/p>\n","protected":false},"author":2,"featured_media":48384,"comment_status":"open","ping_status":"open","sticky":false,"template":"","format":"standard","meta":{"footnotes":""},"categories":[185],"tags":[172],"class_list":["post-48382","post","type-post","status-publish","format-standard","has-post-thumbnail","hentry","category-regional","tag-featured"],"amp_enabled":true,"_links":{"self":[{"href":"https:\/\/radiostudiow.com.br\/site\/wp-json\/wp\/v2\/posts\/48382","targetHints":{"allow":["GET"]}}],"collection":[{"href":"https:\/\/radiostudiow.com.br\/site\/wp-json\/wp\/v2\/posts"}],"about":[{"href":"https:\/\/radiostudiow.com.br\/site\/wp-json\/wp\/v2\/types\/post"}],"author":[{"embeddable":true,"href":"https:\/\/radiostudiow.com.br\/site\/wp-json\/wp\/v2\/users\/2"}],"replies":[{"embeddable":true,"href":"https:\/\/radiostudiow.com.br\/site\/wp-json\/wp\/v2\/comments?post=48382"}],"version-history":[{"count":2,"href":"https:\/\/radiostudiow.com.br\/site\/wp-json\/wp\/v2\/posts\/48382\/revisions"}],"predecessor-version":[{"id":48386,"href":"https:\/\/radiostudiow.com.br\/site\/wp-json\/wp\/v2\/posts\/48382\/revisions\/48386"}],"wp:featuredmedia":[{"embeddable":true,"href":"https:\/\/radiostudiow.com.br\/site\/wp-json\/wp\/v2\/media\/48384"}],"wp:attachment":[{"href":"https:\/\/radiostudiow.com.br\/site\/wp-json\/wp\/v2\/media?parent=48382"}],"wp:term":[{"taxonomy":"category","embeddable":true,"href":"https:\/\/radiostudiow.com.br\/site\/wp-json\/wp\/v2\/categories?post=48382"},{"taxonomy":"post_tag","embeddable":true,"href":"https:\/\/radiostudiow.com.br\/site\/wp-json\/wp\/v2\/tags?post=48382"}],"curies":[{"name":"wp","href":"https:\/\/api.w.org\/{rel}","templated":true}]}}