{"id":48392,"date":"2026-03-13T12:07:55","date_gmt":"2026-03-13T15:07:55","guid":{"rendered":"https:\/\/radiostudiow.com.br\/site\/?p=48392"},"modified":"2026-03-13T12:17:14","modified_gmt":"2026-03-13T15:17:14","slug":"tribunal-do-juri-desclassifica-tentativa-de-homicidio-para-lesao-corporal-em-julgamento-realizado-em-mallet","status":"publish","type":"post","link":"https:\/\/radiostudiow.com.br\/site\/2026\/03\/13\/tribunal-do-juri-desclassifica-tentativa-de-homicidio-para-lesao-corporal-em-julgamento-realizado-em-mallet\/","title":{"rendered":"Tribunal do J\u00fari desclassifica tentativa de homic\u00eddio para les\u00e3o corporal em julgamento realizado em Mallet"},"content":{"rendered":"\n<p><\/p>\n\n\n\n<figure class=\"wp-block-image size-full\"><img loading=\"lazy\" decoding=\"async\" width=\"897\" height=\"204\" src=\"https:\/\/radiostudiow.com.br\/site\/wp-content\/uploads\/2025\/03\/image-62.png\" alt=\"\" class=\"wp-image-35859\" srcset=\"https:\/\/radiostudiow.com.br\/site\/wp-content\/uploads\/2025\/03\/image-62.png 897w, https:\/\/radiostudiow.com.br\/site\/wp-content\/uploads\/2025\/03\/image-62-300x68.png 300w, https:\/\/radiostudiow.com.br\/site\/wp-content\/uploads\/2025\/03\/image-62-768x175.png 768w\" sizes=\"auto, (max-width: 897px) 100vw, 897px\" \/><\/figure>\n\n\n\n<p><\/p>\n\n\n\n<p style=\"font-size:21px\">O Tribunal do J\u00fari da Comarca de Mallet realizou nesta quinta-feira (12) a primeira sess\u00e3o da primeira reuni\u00e3o do j\u00fari popular de 2026. O julgamento analisou um caso de tentativa de homic\u00eddio ocorrido em 21 de setembro de 2023, na \u00e1rea central da cidade, nas proximidades da esquina da Rua Tiradentes com a Avenida Jo\u00e3o Pessoa.<\/p>\n\n\n\n<p style=\"font-size:21px\">Na ocasi\u00e3o, a v\u00edtima foi Luis Matheus Pessi Szczypkoski, que ficou ferido ap\u00f3s o epis\u00f3dio registrado na regi\u00e3o central do munic\u00edpio.<\/p>\n\n\n\n<p style=\"font-size:21px\">Os trabalhos tiveram in\u00edcio \u00e0s 9h, na sala do Tribunal do J\u00fari do F\u00f3rum de Mallet, sob a presid\u00eancia do juiz de direito \u00cdtalo Mario Bazzo Jr.. Ap\u00f3s a abertura da sess\u00e3o, foi realizado o sorteio dos sete jurados que compuseram o Conselho de Senten\u00e7a, sendo selecionado um homem e seis mulheres.<\/p>\n\n\n\n<p><\/p>\n\n\n\n<figure class=\"wp-block-image size-large\"><img loading=\"lazy\" decoding=\"async\" width=\"1024\" height=\"576\" src=\"https:\/\/radiostudiow.com.br\/site\/wp-content\/uploads\/2026\/03\/WhatsApp-Image-2026-03-13-at-07.42.25-1024x576.jpeg\" alt=\"\" class=\"wp-image-48397\" srcset=\"https:\/\/radiostudiow.com.br\/site\/wp-content\/uploads\/2026\/03\/WhatsApp-Image-2026-03-13-at-07.42.25-1024x576.jpeg 1024w, https:\/\/radiostudiow.com.br\/site\/wp-content\/uploads\/2026\/03\/WhatsApp-Image-2026-03-13-at-07.42.25-300x169.jpeg 300w, https:\/\/radiostudiow.com.br\/site\/wp-content\/uploads\/2026\/03\/WhatsApp-Image-2026-03-13-at-07.42.25-768x432.jpeg 768w, https:\/\/radiostudiow.com.br\/site\/wp-content\/uploads\/2026\/03\/WhatsApp-Image-2026-03-13-at-07.42.25-1536x864.jpeg 1536w, https:\/\/radiostudiow.com.br\/site\/wp-content\/uploads\/2026\/03\/WhatsApp-Image-2026-03-13-at-07.42.25.jpeg 1600w\" sizes=\"auto, (max-width: 1024px) 100vw, 1024px\" \/><\/figure>\n\n\n\n<p><\/p>\n\n\n\n<p style=\"font-size:21px\">O r\u00e9u levado a julgamento foi Rivaldo Junior de Oliveira, que contou com a defesa dos advogados Jetson Josias Szrajia e Renato Rafael Griczynski. Na acusa\u00e7\u00e3o atuou o Minist\u00e9rio P\u00fablico, representado pelo promotor de Justi\u00e7a Bruno Fanchin.<\/p>\n\n\n\n<p style=\"font-size:21px\">A instru\u00e7\u00e3o em plen\u00e1rio teve in\u00edcio \u00e0s 9h33, com a oitiva das testemunhas e informantes. Al\u00e9m da v\u00edtima, prestaram depoimento testemunhas indicadas tanto pela acusa\u00e7\u00e3o quanto pela defesa. Em seguida, \u00e0s 11h22, foi realizado o interrogat\u00f3rio do r\u00e9u, que respondeu \u00e0s perguntas formuladas pelo juiz e pelas partes sobre os fatos.<\/p>\n\n\n\n<p style=\"font-size:21px\">Todos os depoimentos prestados em plen\u00e1rio foram registrados por meio de sistema digital de grava\u00e7\u00e3o de \u00e1udio e v\u00eddeo. \u00c0s 11h51, a sess\u00e3o foi suspensa para intervalo de almo\u00e7o, sendo retomada \u00e0s 13h.<\/p>\n\n\n\n<p style=\"font-size:21px\">Durante os debates, o representante do Minist\u00e9rio P\u00fablico teve 1h30 para sustentar sua manifesta\u00e7\u00e3o, oportunidade em que pediu a condena\u00e7\u00e3o do r\u00e9u, por\u00e9m com a desclassifica\u00e7\u00e3o do crime de tentativa de homic\u00eddio para les\u00e3o corporal.<\/p>\n\n\n\n<p><\/p>\n\n\n\n<figure class=\"wp-block-image size-large\"><img loading=\"lazy\" decoding=\"async\" width=\"1024\" height=\"611\" src=\"https:\/\/radiostudiow.com.br\/site\/wp-content\/uploads\/2026\/03\/WhatsApp-Image-2026-03-13-at-07.43.17-1024x611.jpeg\" alt=\"\" class=\"wp-image-48399\" srcset=\"https:\/\/radiostudiow.com.br\/site\/wp-content\/uploads\/2026\/03\/WhatsApp-Image-2026-03-13-at-07.43.17-1024x611.jpeg 1024w, https:\/\/radiostudiow.com.br\/site\/wp-content\/uploads\/2026\/03\/WhatsApp-Image-2026-03-13-at-07.43.17-300x179.jpeg 300w, https:\/\/radiostudiow.com.br\/site\/wp-content\/uploads\/2026\/03\/WhatsApp-Image-2026-03-13-at-07.43.17-768x459.jpeg 768w, https:\/\/radiostudiow.com.br\/site\/wp-content\/uploads\/2026\/03\/WhatsApp-Image-2026-03-13-at-07.43.17-400x240.jpeg 400w, https:\/\/radiostudiow.com.br\/site\/wp-content\/uploads\/2026\/03\/WhatsApp-Image-2026-03-13-at-07.43.17.jpeg 1308w\" sizes=\"auto, (max-width: 1024px) 100vw, 1024px\" \/><\/figure>\n\n\n\n<p><\/p>\n\n\n\n<figure class=\"wp-block-image size-full\"><img loading=\"lazy\" decoding=\"async\" width=\"731\" height=\"204\" src=\"https:\/\/radiostudiow.com.br\/site\/wp-content\/uploads\/2026\/01\/pax-2026.png\" alt=\"\" class=\"wp-image-46172\" srcset=\"https:\/\/radiostudiow.com.br\/site\/wp-content\/uploads\/2026\/01\/pax-2026.png 731w, https:\/\/radiostudiow.com.br\/site\/wp-content\/uploads\/2026\/01\/pax-2026-300x84.png 300w\" sizes=\"auto, (max-width: 731px) 100vw, 731px\" \/><\/figure>\n\n\n\n<p><\/p>\n\n\n\n<p style=\"font-size:21px\">Na sequ\u00eancia, a defesa tamb\u00e9m utilizou 1h30 para apresentar seus argumentos, requerendo igualmente a desclassifica\u00e7\u00e3o para les\u00f5es corporais ou, alternativamente, o reconhecimento de leg\u00edtima defesa e a absolvi\u00e7\u00e3o do acusado.<\/p>\n\n\n\n<p style=\"font-size:21px\">Encerrados os debates, o magistrado apresentou os quesitos que foram submetidos \u00e0 vota\u00e7\u00e3o secreta do Conselho de Senten\u00e7a. Ap\u00f3s a delibera\u00e7\u00e3o, os jurados decidiram desclassificar o crime de tentativa de homic\u00eddio para les\u00e3o corporal.<\/p>\n\n\n\n<p style=\"font-size:21px\">Com o resultado, o juiz realizou a leitura p\u00fablica da senten\u00e7a em plen\u00e1rio \u00e0s 16h10. O r\u00e9u foi condenado com base no artigo 129, \u00a71\u00ba, inciso I, do C\u00f3digo Penal, sendo fixada a pena de 1 ano e 6 meses de reclus\u00e3o, a ser cumprida em regime aberto.<\/p>\n\n\n\n<p style=\"font-size:21px\">Ap\u00f3s a leitura da decis\u00e3o e n\u00e3o havendo outras manifesta\u00e7\u00f5es das partes, o juiz encerrou os trabalhos do Tribunal do J\u00fari \u00e0s 16h23, agradecendo a participa\u00e7\u00e3o dos jurados, das partes envolvidas e do p\u00fablico presente.<\/p>\n\n\n\n<p><\/p>\n\n\n\n<figure class=\"wp-block-image size-large\"><img loading=\"lazy\" decoding=\"async\" width=\"1024\" height=\"576\" src=\"https:\/\/radiostudiow.com.br\/site\/wp-content\/uploads\/2026\/03\/juri-1024x576.jpg\" alt=\"\" class=\"wp-image-48396\" srcset=\"https:\/\/radiostudiow.com.br\/site\/wp-content\/uploads\/2026\/03\/juri-1024x576.jpg 1024w, https:\/\/radiostudiow.com.br\/site\/wp-content\/uploads\/2026\/03\/juri-300x169.jpg 300w, https:\/\/radiostudiow.com.br\/site\/wp-content\/uploads\/2026\/03\/juri-768x432.jpg 768w, https:\/\/radiostudiow.com.br\/site\/wp-content\/uploads\/2026\/03\/juri.jpg 1279w\" sizes=\"auto, (max-width: 1024px) 100vw, 1024px\" \/><\/figure>\n\n\n\n<p><\/p>\n\n\n\n<figure class=\"wp-block-image size-full\"><img loading=\"lazy\" decoding=\"async\" width=\"897\" height=\"204\" src=\"https:\/\/radiostudiow.com.br\/site\/wp-content\/uploads\/2025\/03\/BARAO-NOVO-NOTICIAS-1.jpg\" alt=\"\" class=\"wp-image-35084\" srcset=\"https:\/\/radiostudiow.com.br\/site\/wp-content\/uploads\/2025\/03\/BARAO-NOVO-NOTICIAS-1.jpg 897w, https:\/\/radiostudiow.com.br\/site\/wp-content\/uploads\/2025\/03\/BARAO-NOVO-NOTICIAS-1-300x68.jpg 300w, https:\/\/radiostudiow.com.br\/site\/wp-content\/uploads\/2025\/03\/BARAO-NOVO-NOTICIAS-1-768x175.jpg 768w\" sizes=\"auto, (max-width: 897px) 100vw, 897px\" \/><\/figure>\n\n\n\n<p><\/p>\n\n\n\n<p>Assista a mat\u00e9ria do W Not\u00edcias:<\/p>\n\n\n\n<figure class=\"wp-block-embed is-type-video is-provider-youtube wp-block-embed-youtube wp-embed-aspect-16-9 wp-has-aspect-ratio\"><div class=\"wp-block-embed__wrapper\">\n<iframe loading=\"lazy\" title=\"W Not\u00edcias | J\u00fari em Mallet desclassifica tentativa de homic\u00eddio para les\u00e3o corporal\" width=\"740\" height=\"416\" src=\"https:\/\/www.youtube.com\/embed\/XxS61mPy340?feature=oembed\" frameborder=\"0\" allow=\"accelerometer; autoplay; clipboard-write; encrypted-media; gyroscope; picture-in-picture; web-share\" referrerpolicy=\"strict-origin-when-cross-origin\" allowfullscreen><\/iframe>\n<\/div><\/figure>\n\n\n\n<p><\/p>\n\n\n\n<figure class=\"wp-block-image size-full\"><img loading=\"lazy\" decoding=\"async\" width=\"900\" height=\"205\" src=\"https:\/\/radiostudiow.com.br\/site\/wp-content\/uploads\/2024\/03\/bannertijolao-e1733625657395.jpg\" alt=\"\" class=\"wp-image-20494\" srcset=\"https:\/\/radiostudiow.com.br\/site\/wp-content\/uploads\/2024\/03\/bannertijolao-e1733625657395.jpg 900w, https:\/\/radiostudiow.com.br\/site\/wp-content\/uploads\/2024\/03\/bannertijolao-e1733625657395-300x68.jpg 300w, https:\/\/radiostudiow.com.br\/site\/wp-content\/uploads\/2024\/03\/bannertijolao-e1733625657395-768x175.jpg 768w\" sizes=\"auto, (max-width: 900px) 100vw, 900px\" \/><\/figure>\n","protected":false},"excerpt":{"rendered":"<p>O Tribunal do J\u00fari da Comarca de Mallet realizou nesta quinta-feira (12) a primeira sess\u00e3o da primeira reuni\u00e3o do j\u00fari popular de 2026. O julgamento analisou um caso de tentativa de homic\u00eddio ocorrido em 21 de setembro de 2023, na \u00e1rea central da cidade, nas proximidades da esquina da Rua Tiradentes com a Avenida Jo\u00e3o [&hellip;]<\/p>\n","protected":false},"author":2,"featured_media":48398,"comment_status":"open","ping_status":"open","sticky":false,"template":"","format":"standard","meta":{"footnotes":""},"categories":[184],"tags":[172],"class_list":["post-48392","post","type-post","status-publish","format-standard","has-post-thumbnail","hentry","category-local","tag-featured"],"amp_enabled":true,"_links":{"self":[{"href":"https:\/\/radiostudiow.com.br\/site\/wp-json\/wp\/v2\/posts\/48392","targetHints":{"allow":["GET"]}}],"collection":[{"href":"https:\/\/radiostudiow.com.br\/site\/wp-json\/wp\/v2\/posts"}],"about":[{"href":"https:\/\/radiostudiow.com.br\/site\/wp-json\/wp\/v2\/types\/post"}],"author":[{"embeddable":true,"href":"https:\/\/radiostudiow.com.br\/site\/wp-json\/wp\/v2\/users\/2"}],"replies":[{"embeddable":true,"href":"https:\/\/radiostudiow.com.br\/site\/wp-json\/wp\/v2\/comments?post=48392"}],"version-history":[{"count":4,"href":"https:\/\/radiostudiow.com.br\/site\/wp-json\/wp\/v2\/posts\/48392\/revisions"}],"predecessor-version":[{"id":48404,"href":"https:\/\/radiostudiow.com.br\/site\/wp-json\/wp\/v2\/posts\/48392\/revisions\/48404"}],"wp:featuredmedia":[{"embeddable":true,"href":"https:\/\/radiostudiow.com.br\/site\/wp-json\/wp\/v2\/media\/48398"}],"wp:attachment":[{"href":"https:\/\/radiostudiow.com.br\/site\/wp-json\/wp\/v2\/media?parent=48392"}],"wp:term":[{"taxonomy":"category","embeddable":true,"href":"https:\/\/radiostudiow.com.br\/site\/wp-json\/wp\/v2\/categories?post=48392"},{"taxonomy":"post_tag","embeddable":true,"href":"https:\/\/radiostudiow.com.br\/site\/wp-json\/wp\/v2\/tags?post=48392"}],"curies":[{"name":"wp","href":"https:\/\/api.w.org\/{rel}","templated":true}]}}