{"id":48393,"date":"2026-03-13T09:54:31","date_gmt":"2026-03-13T12:54:31","guid":{"rendered":"https:\/\/radiostudiow.com.br\/site\/?p=48393"},"modified":"2026-03-13T17:17:49","modified_gmt":"2026-03-13T20:17:49","slug":"colisao-frontal-deixa-um-homem-gravemente-ferido-na-br-153-em-rio-azul","status":"publish","type":"post","link":"https:\/\/radiostudiow.com.br\/site\/2026\/03\/13\/colisao-frontal-deixa-um-homem-gravemente-ferido-na-br-153-em-rio-azul\/","title":{"rendered":"Colis\u00e3o frontal deixa um homem gravemente ferido na BR-153 em Rio Azul"},"content":{"rendered":"\n<p><\/p>\n\n\n\n<figure class=\"wp-block-image size-full\"><img loading=\"lazy\" decoding=\"async\" width=\"1000\" height=\"333\" src=\"https:\/\/radiostudiow.com.br\/site\/wp-content\/uploads\/2026\/02\/poupanca-premiada-sicredi.jpg\" alt=\"\" class=\"wp-image-47487\" srcset=\"https:\/\/radiostudiow.com.br\/site\/wp-content\/uploads\/2026\/02\/poupanca-premiada-sicredi.jpg 1000w, https:\/\/radiostudiow.com.br\/site\/wp-content\/uploads\/2026\/02\/poupanca-premiada-sicredi-300x100.jpg 300w, https:\/\/radiostudiow.com.br\/site\/wp-content\/uploads\/2026\/02\/poupanca-premiada-sicredi-768x256.jpg 768w\" sizes=\"auto, (max-width: 1000px) 100vw, 1000px\" \/><\/figure>\n\n\n\n<p><\/p>\n\n\n\n<p style=\"font-size:21px\">Um acidente do tipo colis\u00e3o frontal foi registrado na manh\u00e3 desta quinta-feira (12) na rodovia BR-153, no km 358, no munic\u00edpio de Rio Azul. A ocorr\u00eancia foi atendida por equipes da Pol\u00edcia Rodovi\u00e1ria Federal (PRF) por volta das 8h30.<\/p>\n\n\n\n<p style=\"font-size:21px\">De acordo com informa\u00e7\u00f5es repassadas pela PRF, o acidente envolveu dois ve\u00edculos: um Fiat Uno de cor cinza, com placas de Rio Azul (PR), e uma Volkswagen Saveiro de cor branca, com placas de Teixeira Soares.<\/p>\n\n\n\n<p style=\"font-size:21px\">O condutor do Fiat Uno, um homem de 59 anos, sofreu les\u00f5es graves e precisou ser encaminhado para atendimento m\u00e9dico. J\u00e1 o motorista da Saveiro, um homem de 40 anos, n\u00e3o sofreu ferimentos.<\/p>\n\n\n\n<p style=\"font-size:21px\">As circunst\u00e2ncias do acidente n\u00e3o foram detalhadas, e a Pol\u00edcia Rodovi\u00e1ria Federal realizou os procedimentos de atendimento e registro da ocorr\u00eancia no local.<\/p>\n\n\n\n<p><\/p>\n\n\n\n<p><\/p>\n\n\n\n<p><em><strong>Informa\u00e7\u00f5es: Rep\u00f3rter Kiko de Oliveira<\/strong><\/em><\/p>\n\n\n\n<p><em><strong>Imagem: Redes Sociais<\/strong><\/em><\/p>\n\n\n\n<p><\/p>\n\n\n\n<figure class=\"wp-block-image size-full\"><img loading=\"lazy\" decoding=\"async\" width=\"731\" height=\"204\" src=\"https:\/\/radiostudiow.com.br\/site\/wp-content\/uploads\/2026\/01\/BARROS-2026.png\" alt=\"\" class=\"wp-image-46173\" srcset=\"https:\/\/radiostudiow.com.br\/site\/wp-content\/uploads\/2026\/01\/BARROS-2026.png 731w, https:\/\/radiostudiow.com.br\/site\/wp-content\/uploads\/2026\/01\/BARROS-2026-300x84.png 300w\" sizes=\"auto, (max-width: 731px) 100vw, 731px\" \/><\/figure>\n","protected":false},"excerpt":{"rendered":"<p>Um acidente do tipo colis\u00e3o frontal foi registrado na manh\u00e3 desta quinta-feira (12) na rodovia BR-153, no km 358, no munic\u00edpio de Rio Azul. A ocorr\u00eancia foi atendida por equipes da Pol\u00edcia Rodovi\u00e1ria Federal (PRF) por volta das 8h30. De acordo com informa\u00e7\u00f5es repassadas pela PRF, o acidente envolveu dois ve\u00edculos: um Fiat Uno de [&hellip;]<\/p>\n","protected":false},"author":2,"featured_media":48394,"comment_status":"open","ping_status":"open","sticky":false,"template":"","format":"standard","meta":{"footnotes":""},"categories":[185],"tags":[172],"class_list":["post-48393","post","type-post","status-publish","format-standard","has-post-thumbnail","hentry","category-regional","tag-featured"],"amp_enabled":true,"_links":{"self":[{"href":"https:\/\/radiostudiow.com.br\/site\/wp-json\/wp\/v2\/posts\/48393","targetHints":{"allow":["GET"]}}],"collection":[{"href":"https:\/\/radiostudiow.com.br\/site\/wp-json\/wp\/v2\/posts"}],"about":[{"href":"https:\/\/radiostudiow.com.br\/site\/wp-json\/wp\/v2\/types\/post"}],"author":[{"embeddable":true,"href":"https:\/\/radiostudiow.com.br\/site\/wp-json\/wp\/v2\/users\/2"}],"replies":[{"embeddable":true,"href":"https:\/\/radiostudiow.com.br\/site\/wp-json\/wp\/v2\/comments?post=48393"}],"version-history":[{"count":2,"href":"https:\/\/radiostudiow.com.br\/site\/wp-json\/wp\/v2\/posts\/48393\/revisions"}],"predecessor-version":[{"id":48415,"href":"https:\/\/radiostudiow.com.br\/site\/wp-json\/wp\/v2\/posts\/48393\/revisions\/48415"}],"wp:featuredmedia":[{"embeddable":true,"href":"https:\/\/radiostudiow.com.br\/site\/wp-json\/wp\/v2\/media\/48394"}],"wp:attachment":[{"href":"https:\/\/radiostudiow.com.br\/site\/wp-json\/wp\/v2\/media?parent=48393"}],"wp:term":[{"taxonomy":"category","embeddable":true,"href":"https:\/\/radiostudiow.com.br\/site\/wp-json\/wp\/v2\/categories?post=48393"},{"taxonomy":"post_tag","embeddable":true,"href":"https:\/\/radiostudiow.com.br\/site\/wp-json\/wp\/v2\/tags?post=48393"}],"curies":[{"name":"wp","href":"https:\/\/api.w.org\/{rel}","templated":true}]}}