{"id":48406,"date":"2026-03-13T15:18:36","date_gmt":"2026-03-13T18:18:36","guid":{"rendered":"https:\/\/radiostudiow.com.br\/site\/?p=48406"},"modified":"2026-03-13T15:18:36","modified_gmt":"2026-03-13T18:18:36","slug":"homem-e-preso-por-trafico-de-drogas-no-centro-de-sao-mateus-do-sul","status":"publish","type":"post","link":"https:\/\/radiostudiow.com.br\/site\/2026\/03\/13\/homem-e-preso-por-trafico-de-drogas-no-centro-de-sao-mateus-do-sul\/","title":{"rendered":"Homem \u00e9 preso por tr\u00e1fico de drogas no Centro de S\u00e3o Mateus do Sul"},"content":{"rendered":"\n<figure class=\"wp-block-image size-full\"><img loading=\"lazy\" decoding=\"async\" width=\"731\" height=\"204\" src=\"https:\/\/radiostudiow.com.br\/site\/wp-content\/uploads\/2025\/10\/ZAIONS.png\" alt=\"\" class=\"wp-image-44147\" srcset=\"https:\/\/radiostudiow.com.br\/site\/wp-content\/uploads\/2025\/10\/ZAIONS.png 731w, https:\/\/radiostudiow.com.br\/site\/wp-content\/uploads\/2025\/10\/ZAIONS-300x84.png 300w\" sizes=\"auto, (max-width: 731px) 100vw, 731px\" \/><\/figure>\n\n\n\n<p><\/p>\n\n\n\n<p style=\"font-size:21px\">Um homem foi preso pela Pol\u00edcia Militar na tarde de quinta-feira (12), no Centro de S\u00e3o Mateus do Sul, suspeito de envolvimento com o tr\u00e1fico de drogas.<\/p>\n\n\n\n<p style=\"font-size:21px\">De acordo com informa\u00e7\u00f5es da corpora\u00e7\u00e3o, a equipe realizava uma abordagem e busca veicular quando percebeu um forte odor de maconha vindo do interior do autom\u00f3vel.<\/p>\n\n\n\n<p style=\"font-size:21px\">Durante a verifica\u00e7\u00e3o, o condutor informou aos policiais que havia entorpecente escondido sob o banco do passageiro.<\/p>\n\n\n\n<p style=\"font-size:21px\">No local indicado, os policiais localizaram uma por\u00e7\u00e3o de maconha que, conforme estimativa da equipe, pesava aproximadamente 142 gramas.<\/p>\n\n\n\n<p style=\"font-size:21px\">Diante da situa\u00e7\u00e3o, o homem recebeu voz de pris\u00e3o e foi encaminhado \u00e0 3\u00aa Subdivis\u00e3o Policial (SDP) para os procedimentos legais cab\u00edveis.<\/p>\n\n\n\n<p><\/p>\n\n\n\n<figure class=\"wp-block-gallery has-nested-images columns-default is-cropped wp-block-gallery-1 is-layout-flex wp-block-gallery-is-layout-flex\">\n<figure class=\"wp-block-image size-large\"><img loading=\"lazy\" decoding=\"async\" width=\"598\" height=\"204\" data-id=\"39667\" src=\"https:\/\/radiostudiow.com.br\/site\/wp-content\/uploads\/2025\/06\/SITE-MEDIO.png\" alt=\"\" class=\"wp-image-39667\" srcset=\"https:\/\/radiostudiow.com.br\/site\/wp-content\/uploads\/2025\/06\/SITE-MEDIO.png 598w, https:\/\/radiostudiow.com.br\/site\/wp-content\/uploads\/2025\/06\/SITE-MEDIO-300x102.png 300w\" sizes=\"auto, (max-width: 598px) 100vw, 598px\" \/><\/figure>\n\n\n\n<figure class=\"wp-block-image size-large\"><img loading=\"lazy\" decoding=\"async\" width=\"598\" height=\"204\" data-id=\"32815\" src=\"https:\/\/radiostudiow.com.br\/site\/wp-content\/uploads\/2025\/01\/SITE-MEDIO3.png\" alt=\"\" class=\"wp-image-32815\" srcset=\"https:\/\/radiostudiow.com.br\/site\/wp-content\/uploads\/2025\/01\/SITE-MEDIO3.png 598w, https:\/\/radiostudiow.com.br\/site\/wp-content\/uploads\/2025\/01\/SITE-MEDIO3-300x102.png 300w\" sizes=\"auto, (max-width: 598px) 100vw, 598px\" \/><\/figure>\n<\/figure>\n","protected":false},"excerpt":{"rendered":"<p>Um homem foi preso pela Pol\u00edcia Militar na tarde de quinta-feira (12), no Centro de S\u00e3o Mateus do Sul, suspeito de envolvimento com o tr\u00e1fico de drogas. De acordo com informa\u00e7\u00f5es da corpora\u00e7\u00e3o, a equipe realizava uma abordagem e busca veicular quando percebeu um forte odor de maconha vindo do interior do autom\u00f3vel. Durante a [&hellip;]<\/p>\n","protected":false},"author":2,"featured_media":48407,"comment_status":"open","ping_status":"open","sticky":false,"template":"","format":"standard","meta":{"footnotes":""},"categories":[2,185],"tags":[172],"class_list":["post-48406","post","type-post","status-publish","format-standard","has-post-thumbnail","hentry","category-policial","category-regional","tag-featured"],"amp_enabled":true,"_links":{"self":[{"href":"https:\/\/radiostudiow.com.br\/site\/wp-json\/wp\/v2\/posts\/48406","targetHints":{"allow":["GET"]}}],"collection":[{"href":"https:\/\/radiostudiow.com.br\/site\/wp-json\/wp\/v2\/posts"}],"about":[{"href":"https:\/\/radiostudiow.com.br\/site\/wp-json\/wp\/v2\/types\/post"}],"author":[{"embeddable":true,"href":"https:\/\/radiostudiow.com.br\/site\/wp-json\/wp\/v2\/users\/2"}],"replies":[{"embeddable":true,"href":"https:\/\/radiostudiow.com.br\/site\/wp-json\/wp\/v2\/comments?post=48406"}],"version-history":[{"count":1,"href":"https:\/\/radiostudiow.com.br\/site\/wp-json\/wp\/v2\/posts\/48406\/revisions"}],"predecessor-version":[{"id":48408,"href":"https:\/\/radiostudiow.com.br\/site\/wp-json\/wp\/v2\/posts\/48406\/revisions\/48408"}],"wp:featuredmedia":[{"embeddable":true,"href":"https:\/\/radiostudiow.com.br\/site\/wp-json\/wp\/v2\/media\/48407"}],"wp:attachment":[{"href":"https:\/\/radiostudiow.com.br\/site\/wp-json\/wp\/v2\/media?parent=48406"}],"wp:term":[{"taxonomy":"category","embeddable":true,"href":"https:\/\/radiostudiow.com.br\/site\/wp-json\/wp\/v2\/categories?post=48406"},{"taxonomy":"post_tag","embeddable":true,"href":"https:\/\/radiostudiow.com.br\/site\/wp-json\/wp\/v2\/tags?post=48406"}],"curies":[{"name":"wp","href":"https:\/\/api.w.org\/{rel}","templated":true}]}}