{"id":48409,"date":"2026-03-13T15:36:40","date_gmt":"2026-03-13T18:36:40","guid":{"rendered":"https:\/\/radiostudiow.com.br\/site\/?p=48409"},"modified":"2026-03-13T15:36:41","modified_gmt":"2026-03-13T18:36:41","slug":"colisao-entre-motocicletas-deixa-dois-jovens-gravemente-feridos-na-ponte-jose-richa-em-uniao-da-vitoria","status":"publish","type":"post","link":"https:\/\/radiostudiow.com.br\/site\/2026\/03\/13\/colisao-entre-motocicletas-deixa-dois-jovens-gravemente-feridos-na-ponte-jose-richa-em-uniao-da-vitoria\/","title":{"rendered":"Colis\u00e3o entre motocicletas deixa dois jovens gravemente feridos na Ponte Jos\u00e9 Richa, em Uni\u00e3o da Vit\u00f3ria"},"content":{"rendered":"\n<p><\/p>\n\n\n\n<figure class=\"wp-block-image size-full\"><img loading=\"lazy\" decoding=\"async\" width=\"1000\" height=\"333\" src=\"https:\/\/radiostudiow.com.br\/site\/wp-content\/uploads\/2026\/02\/poupanca-premiada-sicredi.jpg\" alt=\"\" class=\"wp-image-47487\" srcset=\"https:\/\/radiostudiow.com.br\/site\/wp-content\/uploads\/2026\/02\/poupanca-premiada-sicredi.jpg 1000w, https:\/\/radiostudiow.com.br\/site\/wp-content\/uploads\/2026\/02\/poupanca-premiada-sicredi-300x100.jpg 300w, https:\/\/radiostudiow.com.br\/site\/wp-content\/uploads\/2026\/02\/poupanca-premiada-sicredi-768x256.jpg 768w\" sizes=\"auto, (max-width: 1000px) 100vw, 1000px\" \/><\/figure>\n\n\n\n<p><\/p>\n\n\n\n<p style=\"font-size:21px\">Um grave acidente envolvendo duas motocicletas deixou dois jovens gravemente feridos na noite de quinta-feira (12) na Ponte Jos\u00e9 Richa, em Uni\u00e3o da Vit\u00f3ria. A estrutura liga a regi\u00e3o central da cidade ao distrito de S\u00e3o Crist\u00f3v\u00e3o.<\/p>\n\n\n\n<p style=\"font-size:21px\">De acordo com informa\u00e7\u00f5es iniciais, as duas motos colidiram frontalmente por volta das 19h20, no meio da ponte. Com o impacto da batida, outros dois ve\u00edculos que trafegavam pelo local tamb\u00e9m foram atingidos.<\/p>\n\n\n\n<p style=\"font-size:21px\">Testemunhas relataram que os motociclistas estariam realizando ultrapassagens na ponte no momento em que ocorreu a colis\u00e3o. Ambos sofreram ferimentos graves, incluindo fraturas expostas.<\/p>\n\n\n\n<p style=\"font-size:21px\">Equipes do Corpo de Bombeiros foram acionadas e prestaram os primeiros socorros \u00e0s v\u00edtimas, que foram encaminhadas para atendimento m\u00e9dico. A Pol\u00edcia Militar tamb\u00e9m esteve no local para prestar apoio e organizar o tr\u00e2nsito.<\/p>\n\n\n\n<p style=\"font-size:21px\">Durante o atendimento da ocorr\u00eancia e a retirada dos ve\u00edculos, a ponte permaneceu totalmente interditada por mais de 30 minutos.<\/p>\n\n\n\n<p style=\"font-size:21px\">Os motociclistas envolvidos foram identificados como Gabriel Gustavo Sott, de 23 anos, e Paulo S\u00e9rgio Barbosa, de aproximadamente 24 anos. Ambos passaram por procedimentos cir\u00fargicos em decorr\u00eancia da gravidade dos ferimentos.<\/p>\n\n\n\n<p style=\"font-size:21px\">Segundo informa\u00e7\u00f5es repassadas por familiares ao Canal 4 TV, Paulo S\u00e9rgio sofreu m\u00faltiplas fraturas na perna esquerda e precisou passar por cirurgia durante a madrugada de sexta-feira (13). Durante o procedimento, os m\u00e9dicos realizaram a amputa\u00e7\u00e3o de parte da perna, do joelho para baixo<\/p>\n\n\n\n<p style=\"font-size:21px\">&nbsp;Ainda conforme os relatos, ele sofreu uma parada card\u00edaca durante a cirurgia. Ap\u00f3s o procedimento, o jovem foi encaminhado \u00e0 Unidade de Terapia Intensiva (UTI), onde permanece internado, entubado, com quadro considerado est\u00e1vel pela equipe m\u00e9dica.<\/p>\n\n\n\n<p style=\"font-size:21px\">Gabriel Gustavo Sott tamb\u00e9m ficou gravemente ferido no acidente. Ele retornava do trabalho na APMI no momento da colis\u00e3o. O jovem passou por cirurgia e teve que amputar um bra\u00e7o e uma perna. Gabriel segue internado no Hospital Regional S\u00e3o Camilo.<\/p>\n\n\n\n<figure class=\"wp-block-image size-full\"><img loading=\"lazy\" decoding=\"async\" width=\"550\" height=\"360\" src=\"https:\/\/radiostudiow.com.br\/site\/wp-content\/uploads\/2026\/03\/image-22.png\" alt=\"\" class=\"wp-image-48410\" srcset=\"https:\/\/radiostudiow.com.br\/site\/wp-content\/uploads\/2026\/03\/image-22.png 550w, https:\/\/radiostudiow.com.br\/site\/wp-content\/uploads\/2026\/03\/image-22-300x196.png 300w\" sizes=\"auto, (max-width: 550px) 100vw, 550px\" \/><\/figure>\n\n\n\n<p style=\"font-size:21px\"><\/p>\n\n\n\n<p><\/p>\n\n\n\n<figure class=\"wp-block-image size-full\"><img loading=\"lazy\" decoding=\"async\" width=\"897\" height=\"204\" src=\"https:\/\/radiostudiow.com.br\/site\/wp-content\/uploads\/2025\/03\/image-62.png\" alt=\"\" class=\"wp-image-35859\" srcset=\"https:\/\/radiostudiow.com.br\/site\/wp-content\/uploads\/2025\/03\/image-62.png 897w, https:\/\/radiostudiow.com.br\/site\/wp-content\/uploads\/2025\/03\/image-62-300x68.png 300w, https:\/\/radiostudiow.com.br\/site\/wp-content\/uploads\/2025\/03\/image-62-768x175.png 768w\" sizes=\"auto, (max-width: 897px) 100vw, 897px\" \/><\/figure>\n\n\n\n<p><\/p>\n\n\n\n<p><em>Fonte\/Fotos: Canal 4 TV<\/em><\/p>\n","protected":false},"excerpt":{"rendered":"<p>Um grave acidente envolvendo duas motocicletas deixou dois jovens gravemente feridos na noite de quinta-feira (12) na Ponte Jos\u00e9 Richa, em Uni\u00e3o da Vit\u00f3ria. A estrutura liga a regi\u00e3o central da cidade ao distrito de S\u00e3o Crist\u00f3v\u00e3o. De acordo com informa\u00e7\u00f5es iniciais, as duas motos colidiram frontalmente por volta das 19h20, no meio da ponte. [&hellip;]<\/p>\n","protected":false},"author":2,"featured_media":48411,"comment_status":"open","ping_status":"open","sticky":false,"template":"","format":"standard","meta":{"footnotes":""},"categories":[185],"tags":[172],"class_list":["post-48409","post","type-post","status-publish","format-standard","has-post-thumbnail","hentry","category-regional","tag-featured"],"amp_enabled":true,"_links":{"self":[{"href":"https:\/\/radiostudiow.com.br\/site\/wp-json\/wp\/v2\/posts\/48409","targetHints":{"allow":["GET"]}}],"collection":[{"href":"https:\/\/radiostudiow.com.br\/site\/wp-json\/wp\/v2\/posts"}],"about":[{"href":"https:\/\/radiostudiow.com.br\/site\/wp-json\/wp\/v2\/types\/post"}],"author":[{"embeddable":true,"href":"https:\/\/radiostudiow.com.br\/site\/wp-json\/wp\/v2\/users\/2"}],"replies":[{"embeddable":true,"href":"https:\/\/radiostudiow.com.br\/site\/wp-json\/wp\/v2\/comments?post=48409"}],"version-history":[{"count":1,"href":"https:\/\/radiostudiow.com.br\/site\/wp-json\/wp\/v2\/posts\/48409\/revisions"}],"predecessor-version":[{"id":48412,"href":"https:\/\/radiostudiow.com.br\/site\/wp-json\/wp\/v2\/posts\/48409\/revisions\/48412"}],"wp:featuredmedia":[{"embeddable":true,"href":"https:\/\/radiostudiow.com.br\/site\/wp-json\/wp\/v2\/media\/48411"}],"wp:attachment":[{"href":"https:\/\/radiostudiow.com.br\/site\/wp-json\/wp\/v2\/media?parent=48409"}],"wp:term":[{"taxonomy":"category","embeddable":true,"href":"https:\/\/radiostudiow.com.br\/site\/wp-json\/wp\/v2\/categories?post=48409"},{"taxonomy":"post_tag","embeddable":true,"href":"https:\/\/radiostudiow.com.br\/site\/wp-json\/wp\/v2\/tags?post=48409"}],"curies":[{"name":"wp","href":"https:\/\/api.w.org\/{rel}","templated":true}]}}