{"id":48413,"date":"2026-03-13T15:58:58","date_gmt":"2026-03-13T18:58:58","guid":{"rendered":"https:\/\/radiostudiow.com.br\/site\/?p=48413"},"modified":"2026-03-13T15:58:58","modified_gmt":"2026-03-13T18:58:58","slug":"mulher-e-presa-por-trafico-de-drogas-no-centro-de-uniao-da-vitoria","status":"publish","type":"post","link":"https:\/\/radiostudiow.com.br\/site\/2026\/03\/13\/mulher-e-presa-por-trafico-de-drogas-no-centro-de-uniao-da-vitoria\/","title":{"rendered":"Mulher \u00e9 presa por tr\u00e1fico de drogas no Centro de Uni\u00e3o da Vit\u00f3ria"},"content":{"rendered":"\n<p><\/p>\n\n\n\n<figure class=\"wp-block-image size-full\"><img loading=\"lazy\" decoding=\"async\" width=\"731\" height=\"204\" src=\"https:\/\/radiostudiow.com.br\/site\/wp-content\/uploads\/2026\/01\/pax-2026.png\" alt=\"\" class=\"wp-image-46172\" srcset=\"https:\/\/radiostudiow.com.br\/site\/wp-content\/uploads\/2026\/01\/pax-2026.png 731w, https:\/\/radiostudiow.com.br\/site\/wp-content\/uploads\/2026\/01\/pax-2026-300x84.png 300w\" sizes=\"auto, (max-width: 731px) 100vw, 731px\" \/><\/figure>\n\n\n\n<p><\/p>\n\n\n\n<p style=\"font-size:21px\">Uma mulher foi presa pela Pol\u00edcia Militar na tarde de quinta-feira (12), suspeita de envolvimento com o tr\u00e1fico de drogas na regi\u00e3o central de Uni\u00e3o da Vit\u00f3ria.<\/p>\n\n\n\n<p style=\"font-size:21px\">Conforme informa\u00e7\u00f5es divulgadas pela corpora\u00e7\u00e3o, a equipe da ROTAM realizava patrulhamento pela \u00e1rea central do munic\u00edpio quando avistou uma mulher em atitude considerada suspeita nas proximidades de um local conhecido pelas autoridades pelo intenso com\u00e9rcio de entorpecentes.<\/p>\n\n\n\n<p style=\"font-size:21px\">Diante da situa\u00e7\u00e3o, os policiais decidiram realizar a abordagem. Durante a busca pessoal, foi localizada em um dos bolsos das vestes da suspeita uma por\u00e7\u00e3o de subst\u00e2ncia an\u00e1loga \u00e0 maconha.<\/p>\n\n\n\n<p style=\"font-size:21px\">Ap\u00f3s a constata\u00e7\u00e3o do entorpecente, foi dada voz de pris\u00e3o \u00e0 mulher no local. Em seguida, ela foi conduzida pela equipe policial juntamente com o material apreendido at\u00e9 a 4\u00aa Subdivis\u00e3o Policial (4\u00aa SDP) de Uni\u00e3o da Vit\u00f3ria.<\/p>\n\n\n\n<p style=\"font-size:21px\">Na delegacia, a ocorr\u00eancia foi apresentada \u00e0 autoridade policial respons\u00e1vel, que realizou os procedimentos cab\u00edveis em rela\u00e7\u00e3o ao caso.<\/p>\n\n\n\n<p><\/p>\n\n\n\n<figure class=\"wp-block-gallery has-nested-images columns-default is-cropped wp-block-gallery-1 is-layout-flex wp-block-gallery-is-layout-flex\">\n<figure class=\"wp-block-image size-large\"><img loading=\"lazy\" decoding=\"async\" width=\"598\" height=\"204\" data-id=\"37847\" src=\"https:\/\/radiostudiow.com.br\/site\/wp-content\/uploads\/2025\/05\/POLAK.png\" alt=\"\" class=\"wp-image-37847\" srcset=\"https:\/\/radiostudiow.com.br\/site\/wp-content\/uploads\/2025\/05\/POLAK.png 598w, https:\/\/radiostudiow.com.br\/site\/wp-content\/uploads\/2025\/05\/POLAK-300x102.png 300w\" sizes=\"auto, (max-width: 598px) 100vw, 598px\" \/><\/figure>\n\n\n\n<figure class=\"wp-block-image size-large\"><img loading=\"lazy\" decoding=\"async\" width=\"598\" height=\"204\" data-id=\"37229\" src=\"https:\/\/radiostudiow.com.br\/site\/wp-content\/uploads\/2025\/04\/BOROX.png\" alt=\"\" class=\"wp-image-37229\" srcset=\"https:\/\/radiostudiow.com.br\/site\/wp-content\/uploads\/2025\/04\/BOROX.png 598w, https:\/\/radiostudiow.com.br\/site\/wp-content\/uploads\/2025\/04\/BOROX-300x102.png 300w\" sizes=\"auto, (max-width: 598px) 100vw, 598px\" \/><\/figure>\n<\/figure>\n","protected":false},"excerpt":{"rendered":"<p>Uma mulher foi presa pela Pol\u00edcia Militar na tarde de quinta-feira (12), suspeita de envolvimento com o tr\u00e1fico de drogas na regi\u00e3o central de Uni\u00e3o da Vit\u00f3ria. Conforme informa\u00e7\u00f5es divulgadas pela corpora\u00e7\u00e3o, a equipe da ROTAM realizava patrulhamento pela \u00e1rea central do munic\u00edpio quando avistou uma mulher em atitude considerada suspeita nas proximidades de um [&hellip;]<\/p>\n","protected":false},"author":2,"featured_media":14208,"comment_status":"open","ping_status":"open","sticky":false,"template":"","format":"standard","meta":{"footnotes":""},"categories":[2,185],"tags":[172],"class_list":["post-48413","post","type-post","status-publish","format-standard","has-post-thumbnail","hentry","category-policial","category-regional","tag-featured"],"amp_enabled":true,"_links":{"self":[{"href":"https:\/\/radiostudiow.com.br\/site\/wp-json\/wp\/v2\/posts\/48413","targetHints":{"allow":["GET"]}}],"collection":[{"href":"https:\/\/radiostudiow.com.br\/site\/wp-json\/wp\/v2\/posts"}],"about":[{"href":"https:\/\/radiostudiow.com.br\/site\/wp-json\/wp\/v2\/types\/post"}],"author":[{"embeddable":true,"href":"https:\/\/radiostudiow.com.br\/site\/wp-json\/wp\/v2\/users\/2"}],"replies":[{"embeddable":true,"href":"https:\/\/radiostudiow.com.br\/site\/wp-json\/wp\/v2\/comments?post=48413"}],"version-history":[{"count":1,"href":"https:\/\/radiostudiow.com.br\/site\/wp-json\/wp\/v2\/posts\/48413\/revisions"}],"predecessor-version":[{"id":48414,"href":"https:\/\/radiostudiow.com.br\/site\/wp-json\/wp\/v2\/posts\/48413\/revisions\/48414"}],"wp:featuredmedia":[{"embeddable":true,"href":"https:\/\/radiostudiow.com.br\/site\/wp-json\/wp\/v2\/media\/14208"}],"wp:attachment":[{"href":"https:\/\/radiostudiow.com.br\/site\/wp-json\/wp\/v2\/media?parent=48413"}],"wp:term":[{"taxonomy":"category","embeddable":true,"href":"https:\/\/radiostudiow.com.br\/site\/wp-json\/wp\/v2\/categories?post=48413"},{"taxonomy":"post_tag","embeddable":true,"href":"https:\/\/radiostudiow.com.br\/site\/wp-json\/wp\/v2\/tags?post=48413"}],"curies":[{"name":"wp","href":"https:\/\/api.w.org\/{rel}","templated":true}]}}