{"id":48421,"date":"2026-03-14T10:43:47","date_gmt":"2026-03-14T13:43:47","guid":{"rendered":"https:\/\/radiostudiow.com.br\/site\/?p=48421"},"modified":"2026-03-14T10:43:48","modified_gmt":"2026-03-14T13:43:48","slug":"policia-militar-encaminhar-homem-com-cocaina-para-termo-circunstanciado-em-uniao-da-vitoria","status":"publish","type":"post","link":"https:\/\/radiostudiow.com.br\/site\/2026\/03\/14\/policia-militar-encaminhar-homem-com-cocaina-para-termo-circunstanciado-em-uniao-da-vitoria\/","title":{"rendered":"Pol\u00edcia Militar encaminhar homem com coca\u00edna para termo circunstanciado em Uni\u00e3o da Vit\u00f3ria"},"content":{"rendered":"\n<figure class=\"wp-block-image size-full\"><img loading=\"lazy\" decoding=\"async\" width=\"897\" height=\"204\" src=\"https:\/\/radiostudiow.com.br\/site\/wp-content\/uploads\/2025\/03\/BARAO-NOVO-NOTICIAS-1.jpg\" alt=\"\" class=\"wp-image-35084\" srcset=\"https:\/\/radiostudiow.com.br\/site\/wp-content\/uploads\/2025\/03\/BARAO-NOVO-NOTICIAS-1.jpg 897w, https:\/\/radiostudiow.com.br\/site\/wp-content\/uploads\/2025\/03\/BARAO-NOVO-NOTICIAS-1-300x68.jpg 300w, https:\/\/radiostudiow.com.br\/site\/wp-content\/uploads\/2025\/03\/BARAO-NOVO-NOTICIAS-1-768x175.jpg 768w\" sizes=\"auto, (max-width: 897px) 100vw, 897px\" \/><\/figure>\n\n\n\n<p>A equipe da Pol\u00edcia Militar de Uni\u00e3o da Vit\u00f3ria apreendeu um homem com drogas no bairro S\u00e3o Bas\u00edlio Magno por volta das 12 horas dessa sexta-feira (13).<\/p>\n\n\n\n<p>Durante patrulhamento visualizou um indiv\u00edduo transitando em uma bicicleta, ao notar a presen\u00e7a da viatura, o suspeito mudou bruscamente de dire\u00e7\u00e3o e levou uma das m\u00e3os por baixo da camisa, atitude que gerou fundada suspeita e motivou a abordagem.<\/p>\n\n\n\n<p>Durante a busca pessoal, foram localizadas no bolso do abordado duas buchas de subst\u00e2ncia an\u00e1loga \u00e0 coca\u00edna.<\/p>\n\n\n\n<p>Diante dos fatos, o indiv\u00edduo foi encaminhado ao Cart\u00f3rio do 27\u00ba Batalh\u00e3o de Pol\u00edcia Militar, onde foi lavrado Termo Circunstanciado pela posse de entorpecente para consumo pessoal.<\/p>\n\n\n\n<figure class=\"wp-block-image size-full\"><img loading=\"lazy\" decoding=\"async\" width=\"598\" height=\"204\" src=\"https:\/\/radiostudiow.com.br\/site\/wp-content\/uploads\/2024\/10\/labirati.png\" alt=\"\" class=\"wp-image-28854\" srcset=\"https:\/\/radiostudiow.com.br\/site\/wp-content\/uploads\/2024\/10\/labirati.png 598w, https:\/\/radiostudiow.com.br\/site\/wp-content\/uploads\/2024\/10\/labirati-300x102.png 300w\" sizes=\"auto, (max-width: 598px) 100vw, 598px\" \/><\/figure>\n","protected":false},"excerpt":{"rendered":"<p>A equipe da Pol\u00edcia Militar de Uni\u00e3o da Vit\u00f3ria apreendeu um homem com drogas no bairro S\u00e3o Bas\u00edlio Magno por volta das 12 horas dessa sexta-feira (13). Durante patrulhamento visualizou um indiv\u00edduo transitando em uma bicicleta, ao notar a presen\u00e7a da viatura, o suspeito mudou bruscamente de dire\u00e7\u00e3o e levou uma das m\u00e3os por baixo [&hellip;]<\/p>\n","protected":false},"author":2,"featured_media":3220,"comment_status":"open","ping_status":"open","sticky":false,"template":"","format":"standard","meta":{"footnotes":""},"categories":[2],"tags":[172],"class_list":["post-48421","post","type-post","status-publish","format-standard","has-post-thumbnail","hentry","category-policial","tag-featured"],"amp_enabled":true,"_links":{"self":[{"href":"https:\/\/radiostudiow.com.br\/site\/wp-json\/wp\/v2\/posts\/48421","targetHints":{"allow":["GET"]}}],"collection":[{"href":"https:\/\/radiostudiow.com.br\/site\/wp-json\/wp\/v2\/posts"}],"about":[{"href":"https:\/\/radiostudiow.com.br\/site\/wp-json\/wp\/v2\/types\/post"}],"author":[{"embeddable":true,"href":"https:\/\/radiostudiow.com.br\/site\/wp-json\/wp\/v2\/users\/2"}],"replies":[{"embeddable":true,"href":"https:\/\/radiostudiow.com.br\/site\/wp-json\/wp\/v2\/comments?post=48421"}],"version-history":[{"count":1,"href":"https:\/\/radiostudiow.com.br\/site\/wp-json\/wp\/v2\/posts\/48421\/revisions"}],"predecessor-version":[{"id":48422,"href":"https:\/\/radiostudiow.com.br\/site\/wp-json\/wp\/v2\/posts\/48421\/revisions\/48422"}],"wp:featuredmedia":[{"embeddable":true,"href":"https:\/\/radiostudiow.com.br\/site\/wp-json\/wp\/v2\/media\/3220"}],"wp:attachment":[{"href":"https:\/\/radiostudiow.com.br\/site\/wp-json\/wp\/v2\/media?parent=48421"}],"wp:term":[{"taxonomy":"category","embeddable":true,"href":"https:\/\/radiostudiow.com.br\/site\/wp-json\/wp\/v2\/categories?post=48421"},{"taxonomy":"post_tag","embeddable":true,"href":"https:\/\/radiostudiow.com.br\/site\/wp-json\/wp\/v2\/tags?post=48421"}],"curies":[{"name":"wp","href":"https:\/\/api.w.org\/{rel}","templated":true}]}}