{"id":48428,"date":"2026-03-14T12:11:38","date_gmt":"2026-03-14T15:11:38","guid":{"rendered":"https:\/\/radiostudiow.com.br\/site\/?p=48428"},"modified":"2026-03-14T12:11:39","modified_gmt":"2026-03-14T15:11:39","slug":"sicredi-prestigia-visita-do-consul-da-polonia-a-alunos-da-escola-nossa-senhora-do-monte-claro-em-rio-claro-do-sul","status":"publish","type":"post","link":"https:\/\/radiostudiow.com.br\/site\/2026\/03\/14\/sicredi-prestigia-visita-do-consul-da-polonia-a-alunos-da-escola-nossa-senhora-do-monte-claro-em-rio-claro-do-sul\/","title":{"rendered":"Sicredi prestigia visita do C\u00f4nsul da Pol\u00f4nia a alunos da escola Nossa Senhora do Monte Claro em Rio Claro do Sul"},"content":{"rendered":"\n<figure class=\"wp-block-image size-large\"><img loading=\"lazy\" decoding=\"async\" width=\"1024\" height=\"335\" src=\"https:\/\/radiostudiow.com.br\/site\/wp-content\/uploads\/2025\/12\/novo-Rodape-1024x335.png\" alt=\"\" class=\"wp-image-45379\" srcset=\"https:\/\/radiostudiow.com.br\/site\/wp-content\/uploads\/2025\/12\/novo-Rodape-1024x335.png 1024w, https:\/\/radiostudiow.com.br\/site\/wp-content\/uploads\/2025\/12\/novo-Rodape-300x98.png 300w, https:\/\/radiostudiow.com.br\/site\/wp-content\/uploads\/2025\/12\/novo-Rodape-768x251.png 768w, https:\/\/radiostudiow.com.br\/site\/wp-content\/uploads\/2025\/12\/novo-Rodape-1536x503.png 1536w, https:\/\/radiostudiow.com.br\/site\/wp-content\/uploads\/2025\/12\/novo-Rodape-2048x670.png 2048w\" sizes=\"auto, (max-width: 1024px) 100vw, 1024px\" \/><\/figure>\n\n\n\n<p>A Escola Municipal Nossa Senhora do Monte Claro teve a honra de receber, nesta sexta-feira dia 13 de mar\u00e7o, a visita do <strong>C\u00f4nsul-Geral da Pol\u00f4nia<\/strong>, <strong>Wojciech Baczynski.<\/strong> A institui\u00e7\u00e3o est\u00e1 localizada no <strong>Distrito de Rio Claro do Sul<\/strong>, no munic\u00edpio de Mallet.<\/p>\n\n\n\n<p class=\"has-medium-font-size\">Durante o encontro, os alunos participaram de um momento especial com o c\u00f4nsul, onde puderam <strong>tomar um ch\u00e1 e conversar diretamente com o representante diplom\u00e1tico<\/strong>, fazendo perguntas relacionadas \u00e0 <strong>hist\u00f3ria, cultura da Pol\u00f4nia<\/strong> e tamb\u00e9m curiosidades sobre o trabalho exercido por um c\u00f4nsul. A atividade proporcionou \u00e0s crian\u00e7as uma experi\u00eancia educativa e cultural diferenciada.<\/p>\n\n\n\n<p class=\"has-medium-font-size\">O Sicredi Centro Sul Paran\u00e1\/Santa Catarina\/Rio de Janeiro, que \u00e9 um importante parceiro da escola, esteve presente na visita com representantes da institui\u00e7\u00e3o. Participaram do encontro o <strong>Diretor Executivo<\/strong> Helton C\u00e9sar Kolecha, a <strong>Gerente de Comunica\u00e7\u00e3o<\/strong> Sabrine Cappellari, al\u00e9m de representantes da ag\u00eancia do Sicredi de Mallet: a <strong>Gerente de Ag\u00eancia<\/strong> Dhieme Nievola e a <strong>Gerente de Contas<\/strong> Fl\u00e1via Stemposki.<\/p>\n\n\n\n<p class=\"has-medium-font-size\">Tamb\u00e9m marcaram presen\u00e7a al\u00e9m dos alunos da Escola Municipal Nossa Senhora do Monte Claro, a dire\u00e7\u00e3o, professores, colaboradores e representantes da administra\u00e7\u00e3o municipal de Mallet.<\/p>\n\n\n\n<figure class=\"wp-block-image size-large is-resized\"><img loading=\"lazy\" decoding=\"async\" width=\"1024\" height=\"768\" src=\"https:\/\/radiostudiow.com.br\/site\/wp-content\/uploads\/2026\/03\/IMG-20260313-WA0011.jpg-1024x768.jpeg\" alt=\"\" class=\"wp-image-48442\" style=\"width:698px;height:auto\" srcset=\"https:\/\/radiostudiow.com.br\/site\/wp-content\/uploads\/2026\/03\/IMG-20260313-WA0011.jpg-1024x768.jpeg 1024w, https:\/\/radiostudiow.com.br\/site\/wp-content\/uploads\/2026\/03\/IMG-20260313-WA0011.jpg-300x225.jpeg 300w, https:\/\/radiostudiow.com.br\/site\/wp-content\/uploads\/2026\/03\/IMG-20260313-WA0011.jpg-768x576.jpeg 768w, https:\/\/radiostudiow.com.br\/site\/wp-content\/uploads\/2026\/03\/IMG-20260313-WA0011.jpg.jpeg 1136w\" sizes=\"auto, (max-width: 1024px) 100vw, 1024px\" \/><\/figure>\n\n\n\n<figure class=\"wp-block-image size-full\"><img loading=\"lazy\" decoding=\"async\" width=\"1000\" height=\"333\" src=\"https:\/\/radiostudiow.com.br\/site\/wp-content\/uploads\/2026\/02\/poupanca-premiada-sicredi.jpg\" alt=\"\" class=\"wp-image-47487\" srcset=\"https:\/\/radiostudiow.com.br\/site\/wp-content\/uploads\/2026\/02\/poupanca-premiada-sicredi.jpg 1000w, https:\/\/radiostudiow.com.br\/site\/wp-content\/uploads\/2026\/02\/poupanca-premiada-sicredi-300x100.jpg 300w, https:\/\/radiostudiow.com.br\/site\/wp-content\/uploads\/2026\/02\/poupanca-premiada-sicredi-768x256.jpg 768w\" sizes=\"auto, (max-width: 1000px) 100vw, 1000px\" \/><\/figure>\n\n\n\n<p class=\"has-medium-font-size\"> A visita refor\u00e7a a valoriza\u00e7\u00e3o das <strong>ra\u00edzes culturais e hist\u00f3ricas da regi\u00e3o<\/strong>, marcada pela presen\u00e7a de descendentes de imigrantes poloneses, al\u00e9m de aproximar os estudantes de temas relacionados \u00e0 cultura internacional e \u00e0 diplomacia.<\/p>\n\n\n\n<h2 class=\"wp-block-heading\">Informa\u00e7\u00f5es e fotos: Sicredi Mallet<\/h2>\n\n\n\n<figure class=\"wp-block-image size-large\"><img decoding=\"async\" src=\"https:\/\/radiostudiow.com.br\/site\/wp-content\/uploads\/2026\/03\/IMG-20260313-WA0012.jpg-1-730x1024.jpeg\" alt=\"\" class=\"wp-image-48443\"\/><\/figure>\n","protected":false},"excerpt":{"rendered":"<p>A Escola Municipal Nossa Senhora do Monte Claro teve a honra de receber, nesta sexta-feira dia 13 de mar\u00e7o, a visita do C\u00f4nsul-Geral da Pol\u00f4nia, Wojciech Baczynski. A institui\u00e7\u00e3o est\u00e1 localizada no Distrito de Rio Claro do Sul, no munic\u00edpio de Mallet. Durante o encontro, os alunos participaram de um momento especial com o c\u00f4nsul, [&hellip;]<\/p>\n","protected":false},"author":2,"featured_media":48444,"comment_status":"open","ping_status":"open","sticky":false,"template":"","format":"standard","meta":{"footnotes":""},"categories":[184],"tags":[172],"class_list":["post-48428","post","type-post","status-publish","format-standard","has-post-thumbnail","hentry","category-local","tag-featured"],"amp_enabled":true,"_links":{"self":[{"href":"https:\/\/radiostudiow.com.br\/site\/wp-json\/wp\/v2\/posts\/48428","targetHints":{"allow":["GET"]}}],"collection":[{"href":"https:\/\/radiostudiow.com.br\/site\/wp-json\/wp\/v2\/posts"}],"about":[{"href":"https:\/\/radiostudiow.com.br\/site\/wp-json\/wp\/v2\/types\/post"}],"author":[{"embeddable":true,"href":"https:\/\/radiostudiow.com.br\/site\/wp-json\/wp\/v2\/users\/2"}],"replies":[{"embeddable":true,"href":"https:\/\/radiostudiow.com.br\/site\/wp-json\/wp\/v2\/comments?post=48428"}],"version-history":[{"count":1,"href":"https:\/\/radiostudiow.com.br\/site\/wp-json\/wp\/v2\/posts\/48428\/revisions"}],"predecessor-version":[{"id":48445,"href":"https:\/\/radiostudiow.com.br\/site\/wp-json\/wp\/v2\/posts\/48428\/revisions\/48445"}],"wp:featuredmedia":[{"embeddable":true,"href":"https:\/\/radiostudiow.com.br\/site\/wp-json\/wp\/v2\/media\/48444"}],"wp:attachment":[{"href":"https:\/\/radiostudiow.com.br\/site\/wp-json\/wp\/v2\/media?parent=48428"}],"wp:term":[{"taxonomy":"category","embeddable":true,"href":"https:\/\/radiostudiow.com.br\/site\/wp-json\/wp\/v2\/categories?post=48428"},{"taxonomy":"post_tag","embeddable":true,"href":"https:\/\/radiostudiow.com.br\/site\/wp-json\/wp\/v2\/tags?post=48428"}],"curies":[{"name":"wp","href":"https:\/\/api.w.org\/{rel}","templated":true}]}}