{"id":48447,"date":"2026-03-16T09:32:13","date_gmt":"2026-03-16T12:32:13","guid":{"rendered":"https:\/\/radiostudiow.com.br\/site\/?p=48447"},"modified":"2026-03-16T09:32:14","modified_gmt":"2026-03-16T12:32:14","slug":"policia-militar-encaminha-individuo-que-possuia-mandado-de-prisao-expedido-em-seu-desfavor-em-uniao-da-vitoria","status":"publish","type":"post","link":"https:\/\/radiostudiow.com.br\/site\/2026\/03\/16\/policia-militar-encaminha-individuo-que-possuia-mandado-de-prisao-expedido-em-seu-desfavor-em-uniao-da-vitoria\/","title":{"rendered":"Pol\u00edcia Militar encaminha indiv\u00edduo que possu\u00eda mandado de pris\u00e3o expedido em seu desfavor em Uni\u00e3o da Vit\u00f3ria"},"content":{"rendered":"\n<figure class=\"wp-block-image size-full\"><img loading=\"lazy\" decoding=\"async\" width=\"897\" height=\"204\" src=\"https:\/\/radiostudiow.com.br\/site\/wp-content\/uploads\/2025\/03\/BARAO-NOVO-NOTICIAS-1.jpg\" alt=\"\" class=\"wp-image-35084\" srcset=\"https:\/\/radiostudiow.com.br\/site\/wp-content\/uploads\/2025\/03\/BARAO-NOVO-NOTICIAS-1.jpg 897w, https:\/\/radiostudiow.com.br\/site\/wp-content\/uploads\/2025\/03\/BARAO-NOVO-NOTICIAS-1-300x68.jpg 300w, https:\/\/radiostudiow.com.br\/site\/wp-content\/uploads\/2025\/03\/BARAO-NOVO-NOTICIAS-1-768x175.jpg 768w\" sizes=\"auto, (max-width: 897px) 100vw, 897px\" \/><\/figure>\n\n\n\n<p>Durante patrulhamento, a equipe da Pol\u00edcia Militar de Uni\u00e3o da Vit\u00f3ria avistou um indiv\u00edduo que sabiam possuir mandado de pris\u00e3o expedido em seu desfavor.<\/p>\n\n\n\n<p>O caso ocorreu no bairro Rio D&#8217;areia por volta das 11h46min desse s\u00e1bado (14). Foi realizada a abordagem e ap\u00f3s a confirma\u00e7\u00e3o da identidade, o referido recebeu voz de pris\u00e3o.<\/p>\n\n\n\n<p>Em seguida foi cientificado de seus direitos constitucionais e conduzido at\u00e9 a Unidade Prisional do Munic\u00edpio de Porto Uni\u00e3o e deixado a disposi\u00e7\u00e3o para procedimentos cab\u00edveis.<\/p>\n","protected":false},"excerpt":{"rendered":"<p>Durante patrulhamento, a equipe da Pol\u00edcia Militar de Uni\u00e3o da Vit\u00f3ria avistou um indiv\u00edduo que sabiam possuir mandado de pris\u00e3o expedido em seu desfavor. O caso ocorreu no bairro Rio D&#8217;areia por volta das 11h46min desse s\u00e1bado (14). Foi realizada a abordagem e ap\u00f3s a confirma\u00e7\u00e3o da identidade, o referido recebeu voz de pris\u00e3o. Em [&hellip;]<\/p>\n","protected":false},"author":2,"featured_media":1357,"comment_status":"open","ping_status":"open","sticky":false,"template":"","format":"standard","meta":{"footnotes":""},"categories":[2],"tags":[172],"class_list":["post-48447","post","type-post","status-publish","format-standard","has-post-thumbnail","hentry","category-policial","tag-featured"],"amp_enabled":true,"_links":{"self":[{"href":"https:\/\/radiostudiow.com.br\/site\/wp-json\/wp\/v2\/posts\/48447","targetHints":{"allow":["GET"]}}],"collection":[{"href":"https:\/\/radiostudiow.com.br\/site\/wp-json\/wp\/v2\/posts"}],"about":[{"href":"https:\/\/radiostudiow.com.br\/site\/wp-json\/wp\/v2\/types\/post"}],"author":[{"embeddable":true,"href":"https:\/\/radiostudiow.com.br\/site\/wp-json\/wp\/v2\/users\/2"}],"replies":[{"embeddable":true,"href":"https:\/\/radiostudiow.com.br\/site\/wp-json\/wp\/v2\/comments?post=48447"}],"version-history":[{"count":1,"href":"https:\/\/radiostudiow.com.br\/site\/wp-json\/wp\/v2\/posts\/48447\/revisions"}],"predecessor-version":[{"id":48448,"href":"https:\/\/radiostudiow.com.br\/site\/wp-json\/wp\/v2\/posts\/48447\/revisions\/48448"}],"wp:featuredmedia":[{"embeddable":true,"href":"https:\/\/radiostudiow.com.br\/site\/wp-json\/wp\/v2\/media\/1357"}],"wp:attachment":[{"href":"https:\/\/radiostudiow.com.br\/site\/wp-json\/wp\/v2\/media?parent=48447"}],"wp:term":[{"taxonomy":"category","embeddable":true,"href":"https:\/\/radiostudiow.com.br\/site\/wp-json\/wp\/v2\/categories?post=48447"},{"taxonomy":"post_tag","embeddable":true,"href":"https:\/\/radiostudiow.com.br\/site\/wp-json\/wp\/v2\/tags?post=48447"}],"curies":[{"name":"wp","href":"https:\/\/api.w.org\/{rel}","templated":true}]}}