{"id":48449,"date":"2026-03-16T09:41:06","date_gmt":"2026-03-16T12:41:06","guid":{"rendered":"https:\/\/radiostudiow.com.br\/site\/?p=48449"},"modified":"2026-03-16T09:41:07","modified_gmt":"2026-03-16T12:41:07","slug":"policia-militar-de-sao-mateus-do-sul-cumpre-mandado-de-prisao","status":"publish","type":"post","link":"https:\/\/radiostudiow.com.br\/site\/2026\/03\/16\/policia-militar-de-sao-mateus-do-sul-cumpre-mandado-de-prisao\/","title":{"rendered":"Pol\u00edcia Militar de S\u00e3o Mateus do Sul cumpre mandado de pris\u00e3o"},"content":{"rendered":"\n<figure class=\"wp-block-image size-full\"><img loading=\"lazy\" decoding=\"async\" width=\"897\" height=\"204\" src=\"https:\/\/radiostudiow.com.br\/site\/wp-content\/uploads\/2025\/03\/image-62.png\" alt=\"\" class=\"wp-image-35859\" srcset=\"https:\/\/radiostudiow.com.br\/site\/wp-content\/uploads\/2025\/03\/image-62.png 897w, https:\/\/radiostudiow.com.br\/site\/wp-content\/uploads\/2025\/03\/image-62-300x68.png 300w, https:\/\/radiostudiow.com.br\/site\/wp-content\/uploads\/2025\/03\/image-62-768x175.png 768w\" sizes=\"auto, (max-width: 897px) 100vw, 897px\" \/><\/figure>\n\n\n\n<p>Durante patrulhamento a equipe da Pol\u00edcia Militar de S\u00e3o Mateus do Sul avistou um indiv\u00edduo que sabiam possuir mandado de pris\u00e3o expedido em seu desfavor. A situa\u00e7\u00e3o ocorreu por volta das 10h15min desse s\u00e1bado (14).<\/p>\n\n\n\n<p>Realizada a abordagem e ap\u00f3s a confirma\u00e7\u00e3o da identidade, o abordado recebeu voz de pris\u00e3o. Em seguida foi cientificado de seus direitos constitucionais e conduzido at\u00e9 ao Departamento Penitenci\u00e1rio e deixado a disposi\u00e7\u00e3o para procedimentos cab\u00edveis.<\/p>\n","protected":false},"excerpt":{"rendered":"<p>Durante patrulhamento a equipe da Pol\u00edcia Militar de S\u00e3o Mateus do Sul avistou um indiv\u00edduo que sabiam possuir mandado de pris\u00e3o expedido em seu desfavor. A situa\u00e7\u00e3o ocorreu por volta das 10h15min desse s\u00e1bado (14). Realizada a abordagem e ap\u00f3s a confirma\u00e7\u00e3o da identidade, o abordado recebeu voz de pris\u00e3o. Em seguida foi cientificado de [&hellip;]<\/p>\n","protected":false},"author":2,"featured_media":10151,"comment_status":"open","ping_status":"open","sticky":false,"template":"","format":"standard","meta":{"footnotes":""},"categories":[2],"tags":[172],"class_list":["post-48449","post","type-post","status-publish","format-standard","has-post-thumbnail","hentry","category-policial","tag-featured"],"amp_enabled":true,"_links":{"self":[{"href":"https:\/\/radiostudiow.com.br\/site\/wp-json\/wp\/v2\/posts\/48449","targetHints":{"allow":["GET"]}}],"collection":[{"href":"https:\/\/radiostudiow.com.br\/site\/wp-json\/wp\/v2\/posts"}],"about":[{"href":"https:\/\/radiostudiow.com.br\/site\/wp-json\/wp\/v2\/types\/post"}],"author":[{"embeddable":true,"href":"https:\/\/radiostudiow.com.br\/site\/wp-json\/wp\/v2\/users\/2"}],"replies":[{"embeddable":true,"href":"https:\/\/radiostudiow.com.br\/site\/wp-json\/wp\/v2\/comments?post=48449"}],"version-history":[{"count":1,"href":"https:\/\/radiostudiow.com.br\/site\/wp-json\/wp\/v2\/posts\/48449\/revisions"}],"predecessor-version":[{"id":48450,"href":"https:\/\/radiostudiow.com.br\/site\/wp-json\/wp\/v2\/posts\/48449\/revisions\/48450"}],"wp:featuredmedia":[{"embeddable":true,"href":"https:\/\/radiostudiow.com.br\/site\/wp-json\/wp\/v2\/media\/10151"}],"wp:attachment":[{"href":"https:\/\/radiostudiow.com.br\/site\/wp-json\/wp\/v2\/media?parent=48449"}],"wp:term":[{"taxonomy":"category","embeddable":true,"href":"https:\/\/radiostudiow.com.br\/site\/wp-json\/wp\/v2\/categories?post=48449"},{"taxonomy":"post_tag","embeddable":true,"href":"https:\/\/radiostudiow.com.br\/site\/wp-json\/wp\/v2\/tags?post=48449"}],"curies":[{"name":"wp","href":"https:\/\/api.w.org\/{rel}","templated":true}]}}