{"id":48451,"date":"2026-03-16T09:55:53","date_gmt":"2026-03-16T12:55:53","guid":{"rendered":"https:\/\/radiostudiow.com.br\/site\/?p=48451"},"modified":"2026-03-16T09:55:53","modified_gmt":"2026-03-16T12:55:53","slug":"policia-militar-encaminha-individuo-que-dirigia-sob-influencia-de-alcool-em-uniao-da-vitoria","status":"publish","type":"post","link":"https:\/\/radiostudiow.com.br\/site\/2026\/03\/16\/policia-militar-encaminha-individuo-que-dirigia-sob-influencia-de-alcool-em-uniao-da-vitoria\/","title":{"rendered":"Pol\u00edcia Militar encaminha indiv\u00edduo que dirigia sob influ\u00eancia de \u00e1lcool em Uni\u00e3o da Vit\u00f3ria"},"content":{"rendered":"\n<figure class=\"wp-block-image size-full\"><img loading=\"lazy\" decoding=\"async\" width=\"731\" height=\"204\" src=\"https:\/\/radiostudiow.com.br\/site\/wp-content\/uploads\/2026\/01\/pax-2026.png\" alt=\"\" class=\"wp-image-46172\" srcset=\"https:\/\/radiostudiow.com.br\/site\/wp-content\/uploads\/2026\/01\/pax-2026.png 731w, https:\/\/radiostudiow.com.br\/site\/wp-content\/uploads\/2026\/01\/pax-2026-300x84.png 300w\" sizes=\"auto, (max-width: 731px) 100vw, 731px\" \/><\/figure>\n\n\n\n<p>Ap\u00f3s repasse da central, informando que o condutor de um ve\u00edculo havia colidido em outro ve\u00edculo estacionado, e na sequ\u00eancia sa\u00eddo do local com o carro avariado. O caso ocorreu no bairro S\u00e3o Bernardo por volta das 21h12min desse domingo (15).<\/p>\n\n\n\n<p>A equipe tr\u00e2nsito iniciou buscas, sendo localizado o ve\u00edculo em quest\u00e3o. Foi oferecido o teste do etil\u00f4metro ao condutor, o qual realizou, e ap\u00f3s aferi\u00e7\u00e3o se caracterizando assim crime de tr\u00e2nsito (art. 306 do CTB).<\/p>\n\n\n\n<p>Diante dos fatos foi dado voz de pris\u00e3o ao autor, e encaminhado para 4\u00b0 SDP. Foram confeccionadas as notifica\u00e7\u00f5es pertinentes ao fato.<\/p>\n","protected":false},"excerpt":{"rendered":"<p>Ap\u00f3s repasse da central, informando que o condutor de um ve\u00edculo havia colidido em outro ve\u00edculo estacionado, e na sequ\u00eancia sa\u00eddo do local com o carro avariado. O caso ocorreu no bairro S\u00e3o Bernardo por volta das 21h12min desse domingo (15). A equipe tr\u00e2nsito iniciou buscas, sendo localizado o ve\u00edculo em quest\u00e3o. Foi oferecido o [&hellip;]<\/p>\n","protected":false},"author":2,"featured_media":15416,"comment_status":"open","ping_status":"open","sticky":false,"template":"","format":"standard","meta":{"footnotes":""},"categories":[2],"tags":[172],"class_list":["post-48451","post","type-post","status-publish","format-standard","has-post-thumbnail","hentry","category-policial","tag-featured"],"amp_enabled":true,"_links":{"self":[{"href":"https:\/\/radiostudiow.com.br\/site\/wp-json\/wp\/v2\/posts\/48451","targetHints":{"allow":["GET"]}}],"collection":[{"href":"https:\/\/radiostudiow.com.br\/site\/wp-json\/wp\/v2\/posts"}],"about":[{"href":"https:\/\/radiostudiow.com.br\/site\/wp-json\/wp\/v2\/types\/post"}],"author":[{"embeddable":true,"href":"https:\/\/radiostudiow.com.br\/site\/wp-json\/wp\/v2\/users\/2"}],"replies":[{"embeddable":true,"href":"https:\/\/radiostudiow.com.br\/site\/wp-json\/wp\/v2\/comments?post=48451"}],"version-history":[{"count":1,"href":"https:\/\/radiostudiow.com.br\/site\/wp-json\/wp\/v2\/posts\/48451\/revisions"}],"predecessor-version":[{"id":48452,"href":"https:\/\/radiostudiow.com.br\/site\/wp-json\/wp\/v2\/posts\/48451\/revisions\/48452"}],"wp:featuredmedia":[{"embeddable":true,"href":"https:\/\/radiostudiow.com.br\/site\/wp-json\/wp\/v2\/media\/15416"}],"wp:attachment":[{"href":"https:\/\/radiostudiow.com.br\/site\/wp-json\/wp\/v2\/media?parent=48451"}],"wp:term":[{"taxonomy":"category","embeddable":true,"href":"https:\/\/radiostudiow.com.br\/site\/wp-json\/wp\/v2\/categories?post=48451"},{"taxonomy":"post_tag","embeddable":true,"href":"https:\/\/radiostudiow.com.br\/site\/wp-json\/wp\/v2\/tags?post=48451"}],"curies":[{"name":"wp","href":"https:\/\/api.w.org\/{rel}","templated":true}]}}