{"id":48461,"date":"2026-03-16T10:32:38","date_gmt":"2026-03-16T13:32:38","guid":{"rendered":"https:\/\/radiostudiow.com.br\/site\/?p=48461"},"modified":"2026-03-16T10:32:38","modified_gmt":"2026-03-16T13:32:38","slug":"homem-relata-agressao-e-desaparecimento-da-convivente-com-filho-em-rio-azul","status":"publish","type":"post","link":"https:\/\/radiostudiow.com.br\/site\/2026\/03\/16\/homem-relata-agressao-e-desaparecimento-da-convivente-com-filho-em-rio-azul\/","title":{"rendered":"Homem relata agress\u00e3o e desaparecimento da convivente com filho em Rio Azul"},"content":{"rendered":"\n<figure class=\"wp-block-image size-full\"><img loading=\"lazy\" decoding=\"async\" width=\"598\" height=\"204\" src=\"https:\/\/radiostudiow.com.br\/site\/wp-content\/uploads\/2024\/01\/SITE-MEDIO.png\" alt=\"\" class=\"wp-image-18916\" srcset=\"https:\/\/radiostudiow.com.br\/site\/wp-content\/uploads\/2024\/01\/SITE-MEDIO.png 598w, https:\/\/radiostudiow.com.br\/site\/wp-content\/uploads\/2024\/01\/SITE-MEDIO-300x102.png 300w\" sizes=\"auto, (max-width: 598px) 100vw, 598px\" \/><\/figure>\n\n\n\n<p>Um homem procurou o 2\u00ba Pelot\u00e3o da Pol\u00edcia Militar de Rio Azul, na manh\u00e3 deste s\u00e1bado (14), por volta das 10h30, para registrar um boletim de ocorr\u00eancia relatando ter sido v\u00edtima de agress\u00e3o por parte de sua convivente.<\/p>\n\n\n\n<p>De acordo com o relato feito \u00e0 pol\u00edcia, a situa\u00e7\u00e3o teria ocorrido na noite de quinta-feira, por volta das 21h30. O casal teria se envolvido em uma discuss\u00e3o, momento em que a mulher teria desferido socos e tapas contra os bra\u00e7os do homem, provocando les\u00f5es.<\/p>\n\n\n\n<p>Ap\u00f3s o desentendimento, ambos teriam ido dormir. No entanto, ao acordar na manh\u00e3 seguinte, o homem percebeu que a convivente havia sa\u00eddo da resid\u00eancia levando consigo o filho do casal, de 9 anos, tomando rumo ignorado.<\/p>\n\n\n\n<figure class=\"wp-block-gallery has-nested-images columns-default is-cropped wp-block-gallery-1 is-layout-flex wp-block-gallery-is-layout-flex\">\n<figure class=\"wp-block-image size-large\"><img loading=\"lazy\" decoding=\"async\" width=\"1024\" height=\"614\" data-id=\"45321\" src=\"https:\/\/radiostudiow.com.br\/site\/wp-content\/uploads\/2025\/12\/SITES-PEQUENO-GRANDE-1024x614.png\" alt=\"\" class=\"wp-image-45321\" srcset=\"https:\/\/radiostudiow.com.br\/site\/wp-content\/uploads\/2025\/12\/SITES-PEQUENO-GRANDE-1024x614.png 1024w, https:\/\/radiostudiow.com.br\/site\/wp-content\/uploads\/2025\/12\/SITES-PEQUENO-GRANDE-300x180.png 300w, https:\/\/radiostudiow.com.br\/site\/wp-content\/uploads\/2025\/12\/SITES-PEQUENO-GRANDE-768x461.png 768w, https:\/\/radiostudiow.com.br\/site\/wp-content\/uploads\/2025\/12\/SITES-PEQUENO-GRANDE-1536x921.png 1536w, https:\/\/radiostudiow.com.br\/site\/wp-content\/uploads\/2025\/12\/SITES-PEQUENO-GRANDE-1000x600.png 1000w, https:\/\/radiostudiow.com.br\/site\/wp-content\/uploads\/2025\/12\/SITES-PEQUENO-GRANDE-590x354.png 590w, https:\/\/radiostudiow.com.br\/site\/wp-content\/uploads\/2025\/12\/SITES-PEQUENO-GRANDE-400x240.png 400w, https:\/\/radiostudiow.com.br\/site\/wp-content\/uploads\/2025\/12\/SITES-PEQUENO-GRANDE.png 1672w\" sizes=\"auto, (max-width: 1024px) 100vw, 1024px\" \/><\/figure>\n\n\n\n<figure class=\"wp-block-image size-large\"><img loading=\"lazy\" decoding=\"async\" width=\"300\" height=\"180\" data-id=\"47110\" src=\"https:\/\/radiostudiow.com.br\/site\/wp-content\/uploads\/2026\/01\/EXTREME.png\" alt=\"\" class=\"wp-image-47110\"\/><\/figure>\n<\/figure>\n\n\n\n<p>Ainda conforme o boletim, o noticiante afirmou que a mulher teria escondido as chaves de seu carro e de sua motocicleta antes de sair. Ele tamb\u00e9m relatou que tentou entrar em contato diversas vezes por meio de liga\u00e7\u00f5es e mensagens, por\u00e9m n\u00e3o obteve resposta.<\/p>\n\n\n\n<p>Diante da situa\u00e7\u00e3o, o homem decidiu procurar a Pol\u00edcia Militar para registrar a ocorr\u00eancia. O caso foi documentado e poder\u00e1 ser encaminhado para as provid\u00eancias cab\u00edveis pelas autoridades competentes.<\/p>\n","protected":false},"excerpt":{"rendered":"<p>Um homem procurou o 2\u00ba Pelot\u00e3o da Pol\u00edcia Militar de Rio Azul, na manh\u00e3 deste s\u00e1bado (14), por volta das 10h30, para registrar um boletim de ocorr\u00eancia relatando ter sido v\u00edtima de agress\u00e3o por parte de sua convivente. De acordo com o relato feito \u00e0 pol\u00edcia, a situa\u00e7\u00e3o teria ocorrido na noite de quinta-feira, por [&hellip;]<\/p>\n","protected":false},"author":2,"featured_media":48439,"comment_status":"open","ping_status":"open","sticky":false,"template":"","format":"standard","meta":{"footnotes":""},"categories":[2],"tags":[172],"class_list":["post-48461","post","type-post","status-publish","format-standard","has-post-thumbnail","hentry","category-policial","tag-featured"],"amp_enabled":true,"_links":{"self":[{"href":"https:\/\/radiostudiow.com.br\/site\/wp-json\/wp\/v2\/posts\/48461","targetHints":{"allow":["GET"]}}],"collection":[{"href":"https:\/\/radiostudiow.com.br\/site\/wp-json\/wp\/v2\/posts"}],"about":[{"href":"https:\/\/radiostudiow.com.br\/site\/wp-json\/wp\/v2\/types\/post"}],"author":[{"embeddable":true,"href":"https:\/\/radiostudiow.com.br\/site\/wp-json\/wp\/v2\/users\/2"}],"replies":[{"embeddable":true,"href":"https:\/\/radiostudiow.com.br\/site\/wp-json\/wp\/v2\/comments?post=48461"}],"version-history":[{"count":1,"href":"https:\/\/radiostudiow.com.br\/site\/wp-json\/wp\/v2\/posts\/48461\/revisions"}],"predecessor-version":[{"id":48462,"href":"https:\/\/radiostudiow.com.br\/site\/wp-json\/wp\/v2\/posts\/48461\/revisions\/48462"}],"wp:featuredmedia":[{"embeddable":true,"href":"https:\/\/radiostudiow.com.br\/site\/wp-json\/wp\/v2\/media\/48439"}],"wp:attachment":[{"href":"https:\/\/radiostudiow.com.br\/site\/wp-json\/wp\/v2\/media?parent=48461"}],"wp:term":[{"taxonomy":"category","embeddable":true,"href":"https:\/\/radiostudiow.com.br\/site\/wp-json\/wp\/v2\/categories?post=48461"},{"taxonomy":"post_tag","embeddable":true,"href":"https:\/\/radiostudiow.com.br\/site\/wp-json\/wp\/v2\/tags?post=48461"}],"curies":[{"name":"wp","href":"https:\/\/api.w.org\/{rel}","templated":true}]}}