{"id":48465,"date":"2026-03-16T10:38:58","date_gmt":"2026-03-16T13:38:58","guid":{"rendered":"https:\/\/radiostudiow.com.br\/site\/?p=48465"},"modified":"2026-03-16T10:38:59","modified_gmt":"2026-03-16T13:38:59","slug":"cliente-embriagado-ameaca-comerciante-apos-se-recusar-a-pagar-consumo-em-rio-azul","status":"publish","type":"post","link":"https:\/\/radiostudiow.com.br\/site\/2026\/03\/16\/cliente-embriagado-ameaca-comerciante-apos-se-recusar-a-pagar-consumo-em-rio-azul\/","title":{"rendered":"Cliente embriagado amea\u00e7a comerciante ap\u00f3s se recusar a pagar consumo em Rio Azul"},"content":{"rendered":"\n<p>Uma ocorr\u00eancia de vias de fato e amea\u00e7a foi registrada na noite deste s\u00e1bado (14), por volta das 22h, na \u00e1rea central de Rio Azul.<\/p>\n\n\n\n<p>De acordo com informa\u00e7\u00f5es da Pol\u00edcia Militar do 2\u00ba Pelot\u00e3o, a equipe foi acionada via Copom para atender uma situa\u00e7\u00e3o de briga entre dois frequentadores de uma distribuidora de bebidas. Ao chegar ao local, os policiais encontraram um homem deitado no ch\u00e3o, j\u00e1 imobilizado em via p\u00fablica por outro indiv\u00edduo.<\/p>\n\n\n\n<figure class=\"wp-block-image size-full\"><img loading=\"lazy\" decoding=\"async\" width=\"897\" height=\"204\" src=\"https:\/\/radiostudiow.com.br\/site\/wp-content\/uploads\/2025\/03\/BARAO-NOVO-NOTICIAS-1.jpg\" alt=\"\" class=\"wp-image-35084\" srcset=\"https:\/\/radiostudiow.com.br\/site\/wp-content\/uploads\/2025\/03\/BARAO-NOVO-NOTICIAS-1.jpg 897w, https:\/\/radiostudiow.com.br\/site\/wp-content\/uploads\/2025\/03\/BARAO-NOVO-NOTICIAS-1-300x68.jpg 300w, https:\/\/radiostudiow.com.br\/site\/wp-content\/uploads\/2025\/03\/BARAO-NOVO-NOTICIAS-1-768x175.jpg 768w\" sizes=\"auto, (max-width: 897px) 100vw, 897px\" \/><\/figure>\n\n\n\n<p>Segundo relato do s\u00f3cio do estabelecimento, que realizou a imobiliza\u00e7\u00e3o, o homem \u00e9 cliente do local e, naquela noite, teria consumido aproximadamente R$ 300 em produtos, tentando deixar a conveni\u00eancia sem efetuar o pagamento.<\/p>\n\n\n\n<p>Ainda conforme o comerciante, o cliente apresentava sinais de altera\u00e7\u00e3o devido ao consumo de bebidas alco\u00f3licas e estaria perturbando o trabalho dos funcion\u00e1rios e o sossego de outros frequentadores. A situa\u00e7\u00e3o se agravou quando o homem, irritado, desferiu um tapa no balc\u00e3o e se recusou a pagar a d\u00edvida.<\/p>\n\n\n\n<p>Diante do comportamento, o s\u00f3cio do estabelecimento, com o aux\u00edlio de um seguran\u00e7a, retirou o cliente do local de forma coercitiva. J\u00e1 do lado de fora, o homem teria proferido amea\u00e7as, afirmando que possu\u00eda um rev\u00f3lver em seu carro e que retornaria para matar o comerciante.<\/p>\n\n\n\n<figure class=\"wp-block-gallery has-nested-images columns-default is-cropped wp-block-gallery-1 is-layout-flex wp-block-gallery-is-layout-flex\">\n<figure class=\"wp-block-image size-large\"><img loading=\"lazy\" decoding=\"async\" width=\"300\" height=\"180\" data-id=\"41962\" src=\"https:\/\/radiostudiow.com.br\/site\/wp-content\/uploads\/2025\/08\/LILO.png\" alt=\"\" class=\"wp-image-41962\"\/><\/figure>\n\n\n\n<figure class=\"wp-block-image size-large\"><img loading=\"lazy\" decoding=\"async\" width=\"300\" height=\"180\" data-id=\"38014\" src=\"https:\/\/radiostudiow.com.br\/site\/wp-content\/uploads\/2025\/05\/VANE.png\" alt=\"\" class=\"wp-image-38014\"\/><\/figure>\n<\/figure>\n\n\n\n<p>Os policiais ent\u00e3o contiveram o suspeito com o uso de algemas, medida adotada para garantir a seguran\u00e7a da equipe e de terceiros. Durante a identifica\u00e7\u00e3o, foi constatado que o homem \u00e9 estrangeiro, de origem paraguaia.<\/p>\n\n\n\n<p>Diante da manifesta\u00e7\u00e3o de interesse do comerciante em representar contra o autor, ambos foram encaminhados ao hospital para realiza\u00e7\u00e3o de laudo de les\u00f5es corporais e, posteriormente, conduzidos at\u00e9 a Delegacia da Pol\u00edcia Civil de Irati para os procedimentos cab\u00edveis.<\/p>\n","protected":false},"excerpt":{"rendered":"<p>Uma ocorr\u00eancia de vias de fato e amea\u00e7a foi registrada na noite deste s\u00e1bado (14), por volta das 22h, na \u00e1rea central de Rio Azul. De acordo com informa\u00e7\u00f5es da Pol\u00edcia Militar do 2\u00ba Pelot\u00e3o, a equipe foi acionada via Copom para atender uma situa\u00e7\u00e3o de briga entre dois frequentadores de uma distribuidora de bebidas. [&hellip;]<\/p>\n","protected":false},"author":2,"featured_media":47655,"comment_status":"open","ping_status":"open","sticky":false,"template":"","format":"standard","meta":{"footnotes":""},"categories":[2],"tags":[172],"class_list":["post-48465","post","type-post","status-publish","format-standard","has-post-thumbnail","hentry","category-policial","tag-featured"],"amp_enabled":true,"_links":{"self":[{"href":"https:\/\/radiostudiow.com.br\/site\/wp-json\/wp\/v2\/posts\/48465","targetHints":{"allow":["GET"]}}],"collection":[{"href":"https:\/\/radiostudiow.com.br\/site\/wp-json\/wp\/v2\/posts"}],"about":[{"href":"https:\/\/radiostudiow.com.br\/site\/wp-json\/wp\/v2\/types\/post"}],"author":[{"embeddable":true,"href":"https:\/\/radiostudiow.com.br\/site\/wp-json\/wp\/v2\/users\/2"}],"replies":[{"embeddable":true,"href":"https:\/\/radiostudiow.com.br\/site\/wp-json\/wp\/v2\/comments?post=48465"}],"version-history":[{"count":2,"href":"https:\/\/radiostudiow.com.br\/site\/wp-json\/wp\/v2\/posts\/48465\/revisions"}],"predecessor-version":[{"id":48467,"href":"https:\/\/radiostudiow.com.br\/site\/wp-json\/wp\/v2\/posts\/48465\/revisions\/48467"}],"wp:featuredmedia":[{"embeddable":true,"href":"https:\/\/radiostudiow.com.br\/site\/wp-json\/wp\/v2\/media\/47655"}],"wp:attachment":[{"href":"https:\/\/radiostudiow.com.br\/site\/wp-json\/wp\/v2\/media?parent=48465"}],"wp:term":[{"taxonomy":"category","embeddable":true,"href":"https:\/\/radiostudiow.com.br\/site\/wp-json\/wp\/v2\/categories?post=48465"},{"taxonomy":"post_tag","embeddable":true,"href":"https:\/\/radiostudiow.com.br\/site\/wp-json\/wp\/v2\/tags?post=48465"}],"curies":[{"name":"wp","href":"https:\/\/api.w.org\/{rel}","templated":true}]}}