{"id":48468,"date":"2026-03-16T10:42:19","date_gmt":"2026-03-16T13:42:19","guid":{"rendered":"https:\/\/radiostudiow.com.br\/site\/?p=48468"},"modified":"2026-03-16T11:20:21","modified_gmt":"2026-03-16T14:20:21","slug":"policia-militar-registra-duas-ocorrencias-de-perturbacao-do-sossego-em-reboucas","status":"publish","type":"post","link":"https:\/\/radiostudiow.com.br\/site\/2026\/03\/16\/policia-militar-registra-duas-ocorrencias-de-perturbacao-do-sossego-em-reboucas\/","title":{"rendered":"Pol\u00edcia Militar registra duas ocorr\u00eancias de perturba\u00e7\u00e3o do sossego em Rebou\u00e7as"},"content":{"rendered":"\n<figure class=\"wp-block-image size-full\"><img loading=\"lazy\" decoding=\"async\" width=\"897\" height=\"204\" src=\"https:\/\/radiostudiow.com.br\/site\/wp-content\/uploads\/2025\/03\/image-62.png\" alt=\"\" class=\"wp-image-35859\" srcset=\"https:\/\/radiostudiow.com.br\/site\/wp-content\/uploads\/2025\/03\/image-62.png 897w, https:\/\/radiostudiow.com.br\/site\/wp-content\/uploads\/2025\/03\/image-62-300x68.png 300w, https:\/\/radiostudiow.com.br\/site\/wp-content\/uploads\/2025\/03\/image-62-768x175.png 768w\" sizes=\"auto, (max-width: 897px) 100vw, 897px\" \/><\/figure>\n\n\n\n<p>A Pol\u00edcia Militar do 2\u00ba Pelot\u00e3o de Rebou\u00e7as atendeu duas ocorr\u00eancias de perturba\u00e7\u00e3o do trabalho ou sossego alheio durante o fim de semana no munic\u00edpio.<\/p>\n\n\n\n<p>A primeira situa\u00e7\u00e3o foi registrada por volta das 3h da madrugada deste domingo (15), quando a equipe policial foi acionada para verificar uma den\u00fancia em um bar da cidade. No local, os policiais constataram som em volume elevado, aud\u00edvel a longa dist\u00e2ncia.<\/p>\n\n\n\n<p>Uma mulher se apresentou como respons\u00e1vel pelo estabelecimento e foi orientada pela equipe quanto \u00e0 perturba\u00e7\u00e3o. Ela prontamente acatou as orienta\u00e7\u00f5es e informou que iniciaria o encerramento das atividades. A respons\u00e1vel relatou ainda que o alvar\u00e1 de funcionamento do local permite funcionamento at\u00e9 as 4h, por\u00e9m decidiu desligar o som naquele momento ap\u00f3s a orienta\u00e7\u00e3o da pol\u00edcia.<\/p>\n\n\n\n<figure class=\"wp-block-image size-full\"><img loading=\"lazy\" decoding=\"async\" width=\"598\" height=\"204\" src=\"https:\/\/radiostudiow.com.br\/site\/wp-content\/uploads\/2024\/10\/labirati.png\" alt=\"\" class=\"wp-image-28854\" srcset=\"https:\/\/radiostudiow.com.br\/site\/wp-content\/uploads\/2024\/10\/labirati.png 598w, https:\/\/radiostudiow.com.br\/site\/wp-content\/uploads\/2024\/10\/labirati-300x102.png 300w\" sizes=\"auto, (max-width: 598px) 100vw, 598px\" \/><\/figure>\n\n\n\n<p>A segunda ocorr\u00eancia foi registrada por volta das 22h deste domingo (15), no bairro Vila Ester, onde moradores relataram som alto vindo de uma resid\u00eancia.<\/p>\n\n\n\n<p>No local, os policiais conversaram com o respons\u00e1vel pela casa, que informou estar realizando uma confraterniza\u00e7\u00e3o familiar. Ap\u00f3s receber orienta\u00e7\u00f5es e advert\u00eancias da equipe policial, ele se comprometeu a encerrar a confraterniza\u00e7\u00e3o e reduzir o som.<\/p>\n\n\n\n<p>Nas duas situa\u00e7\u00f5es, os respons\u00e1veis acataram as orienta\u00e7\u00f5es da Pol\u00edcia Militar, n\u00e3o sendo necess\u00e1ria a ado\u00e7\u00e3o de outras medidas no momento.<\/p>\n","protected":false},"excerpt":{"rendered":"<p>A Pol\u00edcia Militar do 2\u00ba Pelot\u00e3o de Rebou\u00e7as atendeu duas ocorr\u00eancias de perturba\u00e7\u00e3o do trabalho ou sossego alheio durante o fim de semana no munic\u00edpio. A primeira situa\u00e7\u00e3o foi registrada por volta das 3h da madrugada deste domingo (15), quando a equipe policial foi acionada para verificar uma den\u00fancia em um bar da cidade. No [&hellip;]<\/p>\n","protected":false},"author":2,"featured_media":10151,"comment_status":"open","ping_status":"open","sticky":false,"template":"","format":"standard","meta":{"footnotes":""},"categories":[2],"tags":[172],"class_list":["post-48468","post","type-post","status-publish","format-standard","has-post-thumbnail","hentry","category-policial","tag-featured"],"amp_enabled":true,"_links":{"self":[{"href":"https:\/\/radiostudiow.com.br\/site\/wp-json\/wp\/v2\/posts\/48468","targetHints":{"allow":["GET"]}}],"collection":[{"href":"https:\/\/radiostudiow.com.br\/site\/wp-json\/wp\/v2\/posts"}],"about":[{"href":"https:\/\/radiostudiow.com.br\/site\/wp-json\/wp\/v2\/types\/post"}],"author":[{"embeddable":true,"href":"https:\/\/radiostudiow.com.br\/site\/wp-json\/wp\/v2\/users\/2"}],"replies":[{"embeddable":true,"href":"https:\/\/radiostudiow.com.br\/site\/wp-json\/wp\/v2\/comments?post=48468"}],"version-history":[{"count":1,"href":"https:\/\/radiostudiow.com.br\/site\/wp-json\/wp\/v2\/posts\/48468\/revisions"}],"predecessor-version":[{"id":48469,"href":"https:\/\/radiostudiow.com.br\/site\/wp-json\/wp\/v2\/posts\/48468\/revisions\/48469"}],"wp:featuredmedia":[{"embeddable":true,"href":"https:\/\/radiostudiow.com.br\/site\/wp-json\/wp\/v2\/media\/10151"}],"wp:attachment":[{"href":"https:\/\/radiostudiow.com.br\/site\/wp-json\/wp\/v2\/media?parent=48468"}],"wp:term":[{"taxonomy":"category","embeddable":true,"href":"https:\/\/radiostudiow.com.br\/site\/wp-json\/wp\/v2\/categories?post=48468"},{"taxonomy":"post_tag","embeddable":true,"href":"https:\/\/radiostudiow.com.br\/site\/wp-json\/wp\/v2\/tags?post=48468"}],"curies":[{"name":"wp","href":"https:\/\/api.w.org\/{rel}","templated":true}]}}