{"id":48470,"date":"2026-03-16T10:43:55","date_gmt":"2026-03-16T13:43:55","guid":{"rendered":"https:\/\/radiostudiow.com.br\/site\/?p=48470"},"modified":"2026-03-16T10:43:56","modified_gmt":"2026-03-16T13:43:56","slug":"homem-agride-rapaz-com-paulada-e-foge-apos-confusao-em-rio-azul","status":"publish","type":"post","link":"https:\/\/radiostudiow.com.br\/site\/2026\/03\/16\/homem-agride-rapaz-com-paulada-e-foge-apos-confusao-em-rio-azul\/","title":{"rendered":"Homem agride rapaz com paulada e foge ap\u00f3s confus\u00e3o em Rio Azul"},"content":{"rendered":"\n<figure class=\"wp-block-image size-large\"><img loading=\"lazy\" decoding=\"async\" width=\"1024\" height=\"335\" src=\"https:\/\/radiostudiow.com.br\/site\/wp-content\/uploads\/2025\/12\/novo-Rodape-1024x335.png\" alt=\"\" class=\"wp-image-45379\" srcset=\"https:\/\/radiostudiow.com.br\/site\/wp-content\/uploads\/2025\/12\/novo-Rodape-1024x335.png 1024w, https:\/\/radiostudiow.com.br\/site\/wp-content\/uploads\/2025\/12\/novo-Rodape-300x98.png 300w, https:\/\/radiostudiow.com.br\/site\/wp-content\/uploads\/2025\/12\/novo-Rodape-768x251.png 768w, https:\/\/radiostudiow.com.br\/site\/wp-content\/uploads\/2025\/12\/novo-Rodape-1536x503.png 1536w, https:\/\/radiostudiow.com.br\/site\/wp-content\/uploads\/2025\/12\/novo-Rodape-2048x670.png 2048w\" sizes=\"auto, (max-width: 1024px) 100vw, 1024px\" \/><\/figure>\n\n\n\n<p>A Pol\u00edcia Militar de Rio Azul atendeu uma ocorr\u00eancia de agress\u00e3o e desacato na tarde deste domingo (15), por volta das 15h, na localidade de Cachoeira dos Paulistas, \u00e1rea rural do munic\u00edpio.<\/p>\n\n\n\n<p>De acordo com informa\u00e7\u00f5es repassadas pela solicitante, ela estava no local acompanhada do namorado quando um homem, identificado por ela, passou a proferir palavras ofensivas contra o casal. Durante a discuss\u00e3o, o suspeito teria desferido uma paulada nas costas do rapaz.<\/p>\n\n\n\n<p>Ainda segundo o relato da v\u00edtima, o autor aparentava estar com um volume na cintura semelhante a uma arma de fogo, o que gerou ainda mais preocupa\u00e7\u00e3o no momento da confus\u00e3o.<\/p>\n\n\n\n<figure class=\"wp-block-gallery has-nested-images columns-default is-cropped wp-block-gallery-1 is-layout-flex wp-block-gallery-is-layout-flex\">\n<figure class=\"wp-block-image size-large\"><img loading=\"lazy\" decoding=\"async\" width=\"300\" height=\"180\" data-id=\"37219\" src=\"https:\/\/radiostudiow.com.br\/site\/wp-content\/uploads\/2025\/04\/AGRODU.png\" alt=\"\" class=\"wp-image-37219\"\/><\/figure>\n\n\n\n<figure class=\"wp-block-image size-large\"><img loading=\"lazy\" decoding=\"async\" width=\"300\" height=\"180\" data-id=\"18945\" src=\"https:\/\/radiostudiow.com.br\/site\/wp-content\/uploads\/2024\/01\/SITE-PEQUENO.png\" alt=\"\" class=\"wp-image-18945\"\/><\/figure>\n<\/figure>\n\n\n\n<p>Ap\u00f3s a agress\u00e3o, o suspeito fugiu do local, tomando rumo ignorado.<\/p>\n\n\n\n<p>A equipe da Pol\u00edcia Militar realizou patrulhamento pela regi\u00e3o, por\u00e9m at\u00e9 o momento o autor n\u00e3o foi localizado. O caso foi registrado em boletim de ocorr\u00eancia e poder\u00e1 ser investigado pelas autoridades competentes.<\/p>\n","protected":false},"excerpt":{"rendered":"<p>A Pol\u00edcia Militar de Rio Azul atendeu uma ocorr\u00eancia de agress\u00e3o e desacato na tarde deste domingo (15), por volta das 15h, na localidade de Cachoeira dos Paulistas, \u00e1rea rural do munic\u00edpio. De acordo com informa\u00e7\u00f5es repassadas pela solicitante, ela estava no local acompanhada do namorado quando um homem, identificado por ela, passou a proferir [&hellip;]<\/p>\n","protected":false},"author":2,"featured_media":35305,"comment_status":"open","ping_status":"open","sticky":false,"template":"","format":"standard","meta":{"footnotes":""},"categories":[2],"tags":[172],"class_list":["post-48470","post","type-post","status-publish","format-standard","has-post-thumbnail","hentry","category-policial","tag-featured"],"amp_enabled":true,"_links":{"self":[{"href":"https:\/\/radiostudiow.com.br\/site\/wp-json\/wp\/v2\/posts\/48470","targetHints":{"allow":["GET"]}}],"collection":[{"href":"https:\/\/radiostudiow.com.br\/site\/wp-json\/wp\/v2\/posts"}],"about":[{"href":"https:\/\/radiostudiow.com.br\/site\/wp-json\/wp\/v2\/types\/post"}],"author":[{"embeddable":true,"href":"https:\/\/radiostudiow.com.br\/site\/wp-json\/wp\/v2\/users\/2"}],"replies":[{"embeddable":true,"href":"https:\/\/radiostudiow.com.br\/site\/wp-json\/wp\/v2\/comments?post=48470"}],"version-history":[{"count":1,"href":"https:\/\/radiostudiow.com.br\/site\/wp-json\/wp\/v2\/posts\/48470\/revisions"}],"predecessor-version":[{"id":48471,"href":"https:\/\/radiostudiow.com.br\/site\/wp-json\/wp\/v2\/posts\/48470\/revisions\/48471"}],"wp:featuredmedia":[{"embeddable":true,"href":"https:\/\/radiostudiow.com.br\/site\/wp-json\/wp\/v2\/media\/35305"}],"wp:attachment":[{"href":"https:\/\/radiostudiow.com.br\/site\/wp-json\/wp\/v2\/media?parent=48470"}],"wp:term":[{"taxonomy":"category","embeddable":true,"href":"https:\/\/radiostudiow.com.br\/site\/wp-json\/wp\/v2\/categories?post=48470"},{"taxonomy":"post_tag","embeddable":true,"href":"https:\/\/radiostudiow.com.br\/site\/wp-json\/wp\/v2\/tags?post=48470"}],"curies":[{"name":"wp","href":"https:\/\/api.w.org\/{rel}","templated":true}]}}